{"id":1325617,"date":"2025-10-23T10:58:19","date_gmt":"2025-10-23T14:58:19","guid":{"rendered":"https:\/\/movingwaldo.com\/quartiers-les-moins-chers-a-montreal\/"},"modified":"2025-12-31T16:19:48","modified_gmt":"2025-12-31T21:19:48","slug":"quartiers-les-moins-chers-a-montreal","status":"publish","type":"post","link":"https:\/\/www.prod23.movingwaldo.com\/fr\/ou-demenager\/quartiers-les-moins-chers-a-montreal\/","title":{"rendered":"Le top 5 des quartiers les moins chers \u00e0 Montr\u00e9al avec la meilleure qualit\u00e9 de vie \u2013 2026"},"content":{"rendered":"<p><span style=\"font-weight: 400;\">Les <\/span><a href=\"https:\/\/www.prod23.movingwaldo.com\/fr\/ou-demenager\/demenager-a-montreal-ou-devrais-je-vivre\/\"><span style=\"font-weight: 400;\">meilleurs quartiers de Montr\u00e9al<\/span><\/a><span style=\"font-weight: 400;\"> offrent un m\u00e9lange id\u00e9al de parcs familiaux, d&rsquo;\u00e9coles, de biblioth\u00e8ques et de centres communautaires, donnant un acc\u00e8s facile aux services essentiels et aux activit\u00e9s r\u00e9cr\u00e9atives. Cette combinaison de richesse culturelle, de diversit\u00e9, de s\u00e9curit\u00e9, d&rsquo;abordabilit\u00e9 et de fort esprit communautaire fait de Montr\u00e9al une destination attrayante pour ceux qui recherchent un mode de vie \u00e9panouissant.<\/span><\/p>\n<p><span style=\"font-weight: 400;\">Bien que le co\u00fbt du logement puisse varier, les quartiers de Montr\u00e9al figurent g\u00e9n\u00e9ralement parmi les quartiers les moins chers au Canada, permettant aux r\u00e9sidents de trouver un logement dans leur budget sans compromettre leur qualit\u00e9 de vie.<\/span><\/p>\n<p><span style=\"font-weight: 400;\">Si vous cherchez un endroit abordable avec un niveau de vie \u00e9lev\u00e9, voici les 5 quartiers les moins chers de Montr\u00e9al offrant la meilleure qualit\u00e9 de vie cette ann\u00e9e.<\/span><\/p>\n","protected":false},"excerpt":{"rendered":"<p>Les meilleurs quartiers de Montr\u00e9al offrent un m\u00e9lange id\u00e9al de parcs familiaux, d&rsquo;\u00e9coles, de biblioth\u00e8ques et de centres communautaires, donnant un acc\u00e8s facile aux services essentiels et aux activit\u00e9s r\u00e9cr\u00e9atives. Cette combinaison de richesse culturelle, de diversit\u00e9, de s\u00e9curit\u00e9, d&rsquo;abordabilit\u00e9 et de fort esprit communautaire fait de Montr\u00e9al une destination attrayante pour ceux qui recherchent [&hellip;]<\/p>\n","protected":false},"author":39,"featured_media":1324156,"comment_status":"open","ping_status":"open","sticky":false,"template":[],"format":"standard","meta":{"_acf_changed":true,"footnotes":""},"categories":[3567],"tags":[5030,3824],"related_content":[],"location":[3323,3570],"country":[],"region":[],"city":[],"class_list":["post-1325617","post","type-post","status-publish","format-standard","has-post-thumbnail","hentry","category-ou-demenager","tag-classement","tag-etudes","location-canada","location-quebec-fr"],"acf":{"company_information":null},"yoast_head":"<!-- This site is optimized with the Yoast SEO plugin v27.1.1 - https:\/\/yoast.com\/product\/yoast-seo-wordpress\/ -->\n<title>Le top 5 des quartiers les moins chers \u00e0 Montr\u00e9al avec la meilleure qualit\u00e9 de vie \u2013 2026<\/title>\n<meta name=\"description\" content=\"D\u00e9couvrez le top 5 des quartiers les moins chers \u00e0 Montr\u00e9al avec la meilleure qualit\u00e9 de vie \u2013 cette ann\u00e9e.\" \/>\n<meta name=\"robots\" content=\"index, follow, max-snippet:-1, max-image-preview:large, max-video-preview:-1\" \/>\n<link rel=\"canonical\" href=\"https:\/\/www.prod23.movingwaldo.com\/fr\/ou-demenager\/quartiers-les-moins-chers-a-montreal\/\" \/>\n<meta property=\"og:locale\" content=\"fr_FR\" \/>\n<meta property=\"og:type\" content=\"article\" \/>\n<meta property=\"og:title\" content=\"Le top 5 des quartiers les moins chers \u00e0 Montr\u00e9al avec la meilleure qualit\u00e9 de vie \u2013 2026\" \/>\n<meta property=\"og:description\" content=\"D\u00e9couvrez le top 5 des quartiers les moins chers \u00e0 Montr\u00e9al avec la meilleure qualit\u00e9 de vie \u2013 cette ann\u00e9e.\" \/>\n<meta property=\"og:url\" content=\"https:\/\/www.prod23.movingwaldo.com\/fr\/ou-demenager\/quartiers-les-moins-chers-a-montreal\/\" \/>\n<meta property=\"og:site_name\" content=\"MovingWaldo\" \/>\n<meta property=\"article:publisher\" content=\"https:\/\/www.facebook.com\/movingwaldo\" \/>\n<meta property=\"article:published_time\" content=\"2025-10-23T14:58:19+00:00\" \/>\n<meta property=\"article:modified_time\" content=\"2025-12-31T21:19:48+00:00\" \/>\n<meta property=\"og:image\" content=\"https:\/\/www.prod23.movingwaldo.com\/wp-content\/uploads\/2024\/04\/Top-5-Cheapest-Neighborhood-to-live-in-Montreal-2024.png\" \/>\n\t<meta property=\"og:image:width\" content=\"1024\" \/>\n\t<meta property=\"og:image:height\" content=\"683\" \/>\n\t<meta property=\"og:image:type\" content=\"image\/png\" \/>\n<meta name=\"author\" content=\"Selina Cifelli\" \/>\n<meta name=\"twitter:label1\" content=\"\u00c9crit par\" \/>\n\t<meta name=\"twitter:data1\" content=\"Selina Cifelli\" \/>\n\t<meta name=\"twitter:label2\" content=\"Dur\u00e9e de lecture estim\u00e9e\" \/>\n\t<meta name=\"twitter:data2\" content=\"1 minute\" \/>\n<!-- \/ Yoast SEO plugin. -->","yoast_head_json":{"title":"Le top 5 des quartiers les moins chers \u00e0 Montr\u00e9al avec la meilleure qualit\u00e9 de vie \u2013 2026","description":"D\u00e9couvrez le top 5 des quartiers les moins chers \u00e0 Montr\u00e9al avec la meilleure qualit\u00e9 de vie \u2013 cette ann\u00e9e.","robots":{"index":"index","follow":"follow","max-snippet":"max-snippet:-1","max-image-preview":"max-image-preview:large","max-video-preview":"max-video-preview:-1"},"canonical":"https:\/\/www.prod23.movingwaldo.com\/fr\/ou-demenager\/quartiers-les-moins-chers-a-montreal\/","og_locale":"fr_FR","og_type":"article","og_title":"Le top 5 des quartiers les moins chers \u00e0 Montr\u00e9al avec la meilleure qualit\u00e9 de vie \u2013 2026","og_description":"D\u00e9couvrez le top 5 des quartiers les moins chers \u00e0 Montr\u00e9al avec la meilleure qualit\u00e9 de vie \u2013 cette ann\u00e9e.","og_url":"https:\/\/www.prod23.movingwaldo.com\/fr\/ou-demenager\/quartiers-les-moins-chers-a-montreal\/","og_site_name":"MovingWaldo","article_publisher":"https:\/\/www.facebook.com\/movingwaldo","article_published_time":"2025-10-23T14:58:19+00:00","article_modified_time":"2025-12-31T21:19:48+00:00","og_image":[{"width":1024,"height":683,"url":"https:\/\/www.prod23.movingwaldo.com\/wp-content\/uploads\/2024\/04\/Top-5-Cheapest-Neighborhood-to-live-in-Montreal-2024.png","type":"image\/png"}],"author":"Selina Cifelli","twitter_misc":{"\u00c9crit par":"Selina Cifelli","Dur\u00e9e de lecture estim\u00e9e":"1 minute"},"schema":{"@context":"https:\/\/schema.org","@graph":[{"@type":"Article","@id":"https:\/\/www.prod23.movingwaldo.com\/fr\/ou-demenager\/quartiers-les-moins-chers-a-montreal\/#article","isPartOf":{"@id":"https:\/\/www.prod23.movingwaldo.com\/fr\/ou-demenager\/quartiers-les-moins-chers-a-montreal\/"},"author":{"name":"Selina Cifelli","@id":"https:\/\/www.prod23.movingwaldo.com\/fr\/#\/schema\/person\/5783c659906e1f05dab91851f9cacd50"},"headline":"Le top 5 des quartiers les moins chers \u00e0 Montr\u00e9al avec la meilleure qualit\u00e9 de vie \u2013 2026","datePublished":"2025-10-23T14:58:19+00:00","dateModified":"2025-12-31T21:19:48+00:00","mainEntityOfPage":{"@id":"https:\/\/www.prod23.movingwaldo.com\/fr\/ou-demenager\/quartiers-les-moins-chers-a-montreal\/"},"wordCount":160,"commentCount":0,"publisher":{"@id":"https:\/\/www.prod23.movingwaldo.com\/fr\/#organization"},"image":{"@id":"https:\/\/www.prod23.movingwaldo.com\/fr\/ou-demenager\/quartiers-les-moins-chers-a-montreal\/#primaryimage"},"thumbnailUrl":"https:\/\/www.prod23.movingwaldo.com\/wp-content\/uploads\/2024\/04\/Top-5-Cheapest-Neighborhood-to-live-in-Montreal-2024.png","keywords":["Classement","\u00c9tudes"],"articleSection":["O\u00f9 d\u00e9m\u00e9nager?"],"inLanguage":"fr-FR","potentialAction":[{"@type":"CommentAction","name":"Comment","target":["https:\/\/www.prod23.movingwaldo.com\/fr\/ou-demenager\/quartiers-les-moins-chers-a-montreal\/#respond"]}]},{"@type":"WebPage","@id":"https:\/\/www.prod23.movingwaldo.com\/fr\/ou-demenager\/quartiers-les-moins-chers-a-montreal\/","url":"https:\/\/www.prod23.movingwaldo.com\/fr\/ou-demenager\/quartiers-les-moins-chers-a-montreal\/","name":"Le top 5 des quartiers les moins chers \u00e0 Montr\u00e9al avec la meilleure qualit\u00e9 de vie \u2013 2026","isPartOf":{"@id":"https:\/\/www.prod23.movingwaldo.com\/fr\/#website"},"primaryImageOfPage":{"@id":"https:\/\/www.prod23.movingwaldo.com\/fr\/ou-demenager\/quartiers-les-moins-chers-a-montreal\/#primaryimage"},"image":{"@id":"https:\/\/www.prod23.movingwaldo.com\/fr\/ou-demenager\/quartiers-les-moins-chers-a-montreal\/#primaryimage"},"thumbnailUrl":"https:\/\/www.prod23.movingwaldo.com\/wp-content\/uploads\/2024\/04\/Top-5-Cheapest-Neighborhood-to-live-in-Montreal-2024.png","datePublished":"2025-10-23T14:58:19+00:00","dateModified":"2025-12-31T21:19:48+00:00","description":"D\u00e9couvrez le top 5 des quartiers les moins chers \u00e0 Montr\u00e9al avec la meilleure qualit\u00e9 de vie \u2013 cette ann\u00e9e.","breadcrumb":{"@id":"https:\/\/www.prod23.movingwaldo.com\/fr\/ou-demenager\/quartiers-les-moins-chers-a-montreal\/#breadcrumb"},"inLanguage":"fr-FR","potentialAction":[{"@type":"ReadAction","target":["https:\/\/www.prod23.movingwaldo.com\/fr\/ou-demenager\/quartiers-les-moins-chers-a-montreal\/"]}]},{"@type":"ImageObject","inLanguage":"fr-FR","@id":"https:\/\/www.prod23.movingwaldo.com\/fr\/ou-demenager\/quartiers-les-moins-chers-a-montreal\/#primaryimage","url":"https:\/\/www.prod23.movingwaldo.com\/wp-content\/uploads\/2024\/04\/Top-5-Cheapest-Neighborhood-to-live-in-Montreal-2024.png","contentUrl":"https:\/\/www.prod23.movingwaldo.com\/wp-content\/uploads\/2024\/04\/Top-5-Cheapest-Neighborhood-to-live-in-Montreal-2024.png","width":1024,"height":683,"caption":"Le top 5 des quartiers les moins chers \u00e0 Montr\u00e9al avec la meilleure qualit\u00e9 de vie \u2013 2024"},{"@type":"BreadcrumbList","@id":"https:\/\/www.prod23.movingwaldo.com\/fr\/ou-demenager\/quartiers-les-moins-chers-a-montreal\/#breadcrumb","itemListElement":[{"@type":"ListItem","position":1,"name":"Accueil","item":"https:\/\/www.prod23.movingwaldo.com\/fr\/"},{"@type":"ListItem","position":2,"name":"O\u00f9 d\u00e9m\u00e9nager?","item":"https:\/\/www.prod23.movingwaldo.com\/fr\/ou-demenager\/"},{"@type":"ListItem","position":3,"name":"Le top 5 des quartiers les moins chers \u00e0 Montr\u00e9al avec la meilleure qualit\u00e9 de vie \u2013 2026"}]},{"@type":"WebSite","@id":"https:\/\/www.prod23.movingwaldo.com\/fr\/#website","url":"https:\/\/www.prod23.movingwaldo.com\/fr\/","name":"MovingWaldo","description":"","publisher":{"@id":"https:\/\/www.prod23.movingwaldo.com\/fr\/#organization"},"potentialAction":[{"@type":"SearchAction","target":{"@type":"EntryPoint","urlTemplate":"https:\/\/www.prod23.movingwaldo.com\/fr\/?s={search_term_string}"},"query-input":{"@type":"PropertyValueSpecification","valueRequired":true,"valueName":"search_term_string"}}],"inLanguage":"fr-FR"},{"@type":"Organization","@id":"https:\/\/www.prod23.movingwaldo.com\/fr\/#organization","name":"MovingWaldo","url":"https:\/\/www.prod23.movingwaldo.com\/fr\/","logo":{"@type":"ImageObject","inLanguage":"fr-FR","@id":"https:\/\/www.prod23.movingwaldo.com\/fr\/#\/schema\/logo\/image\/","url":"https:\/\/www.prod23.movingwaldo.com\/wp-content\/uploads\/2018\/02\/movingwaldo-logo_GV-2.svg","contentUrl":"https:\/\/www.prod23.movingwaldo.com\/wp-content\/uploads\/2018\/02\/movingwaldo-logo_GV-2.svg","width":190,"height":37,"caption":"MovingWaldo"},"image":{"@id":"https:\/\/www.prod23.movingwaldo.com\/fr\/#\/schema\/logo\/image\/"},"sameAs":["https:\/\/www.facebook.com\/movingwaldo","https:\/\/x.com\/MovingWaldo","https:\/\/www.youtube.com\/channel\/UCfO3fLsqLsUy8MUPCbc0Uzw"]},{"@type":"Person","@id":"https:\/\/www.prod23.movingwaldo.com\/fr\/#\/schema\/person\/5783c659906e1f05dab91851f9cacd50","name":"Selina Cifelli","image":{"@type":"ImageObject","inLanguage":"fr-FR","@id":"https:\/\/www.prod23.movingwaldo.com\/fr\/#\/schema\/person\/image\/","url":"https:\/\/www.prod23.movingwaldo.com\/wp-content\/uploads\/2024\/02\/Selina-150x150.jpg","contentUrl":"https:\/\/www.prod23.movingwaldo.com\/wp-content\/uploads\/2024\/02\/Selina-150x150.jpg","caption":"Selina Cifelli"},"description":"Selina is a motivated marketing intern with a passion for creating engaging content about moving experiences and urban living. With a strong interest in fashion and travel, she brings a fresh perspective to our readers. Her talent for writing innovative content effectively positions MovingWaldo as a trusted resource for simple and efficient moves."}]}},"_links":{"self":[{"href":"https:\/\/www.prod23.movingwaldo.com\/fr\/wp-json\/wp\/v2\/posts\/1325617","targetHints":{"allow":["GET"]}}],"collection":[{"href":"https:\/\/www.prod23.movingwaldo.com\/fr\/wp-json\/wp\/v2\/posts"}],"about":[{"href":"https:\/\/www.prod23.movingwaldo.com\/fr\/wp-json\/wp\/v2\/types\/post"}],"author":[{"embeddable":true,"href":"https:\/\/www.prod23.movingwaldo.com\/fr\/wp-json\/wp\/v2\/users\/39"}],"replies":[{"embeddable":true,"href":"https:\/\/www.prod23.movingwaldo.com\/fr\/wp-json\/wp\/v2\/comments?post=1325617"}],"version-history":[{"count":0,"href":"https:\/\/www.prod23.movingwaldo.com\/fr\/wp-json\/wp\/v2\/posts\/1325617\/revisions"}],"wp:featuredmedia":[{"embeddable":true,"href":"https:\/\/www.prod23.movingwaldo.com\/fr\/wp-json\/wp\/v2\/media\/1324156"}],"wp:attachment":[{"href":"https:\/\/www.prod23.movingwaldo.com\/fr\/wp-json\/wp\/v2\/media?parent=1325617"}],"wp:term":[{"taxonomy":"category","embeddable":true,"href":"https:\/\/www.prod23.movingwaldo.com\/fr\/wp-json\/wp\/v2\/categories?post=1325617"},{"taxonomy":"post_tag","embeddable":true,"href":"https:\/\/www.prod23.movingwaldo.com\/fr\/wp-json\/wp\/v2\/tags?post=1325617"},{"taxonomy":"related_content","embeddable":true,"href":"https:\/\/www.prod23.movingwaldo.com\/fr\/wp-json\/wp\/v2\/related_content?post=1325617"},{"taxonomy":"location","embeddable":true,"href":"https:\/\/www.prod23.movingwaldo.com\/fr\/wp-json\/wp\/v2\/location?post=1325617"},{"taxonomy":"template","embeddable":true,"href":"https:\/\/www.prod23.movingwaldo.com\/fr\/wp-json\/wp\/v2\/template?post=1325617"},{"taxonomy":"country","embeddable":true,"href":"https:\/\/www.prod23.movingwaldo.com\/fr\/wp-json\/wp\/v2\/country?post=1325617"},{"taxonomy":"region","embeddable":true,"href":"https:\/\/www.prod23.movingwaldo.com\/fr\/wp-json\/wp\/v2\/region?post=1325617"},{"taxonomy":"city","embeddable":true,"href":"https:\/\/www.prod23.movingwaldo.com\/fr\/wp-json\/wp\/v2\/city?post=1325617"}],"curies":[{"name":"wp","href":"https:\/\/api.w.org\/{rel}","templated":true}]}}