{"id":1321505,"date":"2025-04-03T14:50:04","date_gmt":"2025-04-03T18:50:04","guid":{"rendered":"https:\/\/movingwaldo.com\/services-residentiels-quebec-prix-moyen\/"},"modified":"2025-12-31T16:22:31","modified_gmt":"2025-12-31T21:22:31","slug":"services-residentiels-quebec-prix-moyen","status":"publish","type":"post","link":"https:\/\/www.prod23.movingwaldo.com\/fr\/ou-demenager\/services-residentiels-quebec-prix-moyen\/","title":{"rendered":"Services r\u00e9sidentiels au Qu\u00e9bec: Quel est le prix moyen de l\u2019hydro, le gaz, l\u2019internet, le c\u00e2ble tv et le t\u00e9l\u00e9phone r\u00e9sidentiel (2025)?"},"content":{"rendered":"<table style=\"width: 100%; height: 239px;\">\n<tbody>\n<tr style=\"height: 41px;\">\n<td style=\"height: 41px;\"><strong>Type de service r\u00e9sidentiel\u00a0<\/strong><\/td>\n<td style=\"height: 41px;\"><strong>Prix mensuel moyen<\/strong><\/td>\n<\/tr>\n<tr style=\"height: 20px;\">\n<td style=\"height: 20px;\"><strong>Co\u00fbt moyen de l\u2019Hydro au Qu\u00e9bec<\/strong><\/td>\n<td style=\"height: 20px;\">242 $<\/td>\n<\/tr>\n<tr style=\"height: 20px;\">\n<td style=\"height: 20px;\"><strong>Co\u00fbt moyen du gaz naturel au Qu\u00e9bec<\/strong><\/td>\n<td style=\"height: 20px;\">85 $<\/td>\n<\/tr>\n<tr style=\"height: 20px;\">\n<td style=\"height: 20px;\"><strong>Co\u00fbt moyen de l\u2019internet au Qu\u00e9bec<\/strong><\/td>\n<td style=\"height: 20px;\">69.00 $<\/td>\n<\/tr>\n<tr style=\"height: 20px;\">\n<td style=\"height: 20px;\"><strong>Co\u00fbt moyen du c\u00e2ble au Qu\u00e9bec<\/strong><\/td>\n<td style=\"height: 20px;\">33 $<\/td>\n<\/tr>\n<tr style=\"height: 20px;\">\n<td style=\"height: 20px;\"><strong>Co\u00fbt moyen t\u00e9l\u00e9phone r\u00e9sidentiel Qu\u00e9bec 30.65<\/strong><\/td>\n<td style=\"height: 20px;\">30.65 $<\/td>\n<\/tr>\n<tr style=\"height: 98px;\">\n<td style=\"height: 98px;\"><strong>Co\u00fbt moyen des services r\u00e9sidentiels Qu\u00e9bec <\/strong><em>(par mois, gaz non inclus)<\/em><\/td>\n<td style=\"height: 98px;\"><strong>374.65 $<\/strong><\/td>\n<\/tr>\n<\/tbody>\n<\/table>\n<h2><strong>Estimation Hydro-Qu\u00e9bec: Quel est le co\u00fbt moyen d\u2019une facture.<\/strong><\/h2>\n\t\t<div data-elementor-type=\"section\" data-elementor-id=\"1293490\" class=\"elementor elementor-1293490\" data-elementor-post-type=\"elementor_library\">\n\t\t\t<div class=\"elementor-element elementor-element-8120388 e-con-full e-flex e-con e-parent\" data-id=\"8120388\" data-element_type=\"container\" data-e-type=\"container\" data-settings=\"{&quot;background_background&quot;:&quot;classic&quot;,&quot;jet_parallax_layout_list&quot;:[]}\">\n\t\t\t\t<div class=\"elementor-element elementor-element-e0b83d4 elementor-absolute elementor-widget elementor-widget-image\" data-id=\"e0b83d4\" data-element_type=\"widget\" data-e-type=\"widget\" data-settings=\"{&quot;_position&quot;:&quot;absolute&quot;}\" data-widget_type=\"image.default\">\n\t\t\t\t<div class=\"elementor-widget-container\">\n\t\t\t\t\t\t\t\t\t\t\t\t\t\t\t<img decoding=\"async\" src=\"https:\/\/www.prod23.movingwaldo.com\/wp-content\/uploads\/2023\/06\/question-mark.svg\" class=\"attachment-full size-full wp-image-1278367\" alt=\"\" \/>\t\t\t\t\t\t\t\t\t\t\t\t\t\t\t<\/div>\n\t\t\t\t<\/div>\n\t\t\t\t<div class=\"elementor-element elementor-element-6dc8c41 elementor-widget__width-inherit elementor-widget elementor-widget-heading\" data-id=\"6dc8c41\" data-element_type=\"widget\" data-e-type=\"widget\" data-widget_type=\"heading.default\">\n\t\t\t\t<div class=\"elementor-widget-container\">\n\t\t\t\t\t<span class=\"elementor-heading-title elementor-size-default\">Quel est le co\u00fbt moyen d\u2019une facture d\u2019Hydro Qu\u00e9bec?<\/span>\t\t\t\t<\/div>\n\t\t\t\t<\/div>\n\t\t\t\t<div class=\"elementor-element elementor-element-b90e906 elementor-widget__width-inherit elementor-widget elementor-widget-text-editor\" data-id=\"b90e906\" data-element_type=\"widget\" data-e-type=\"widget\" data-widget_type=\"text-editor.default\">\n\t\t\t\t<div class=\"elementor-widget-container\">\n\t\t\t\t\t\t\t\t\tLe co\u00fbt moyen d\u2019une facture d\u2019Hydro-Qu\u00e9bec est de 242 $ par mois.\t\t\t\t\t\t\t\t<\/div>\n\t\t\t\t<\/div>\n\t\t\t\t<\/div>\n\t\t\t\t<\/div>\n\t\t\n<h3><strong>Comment fonctionne l&rsquo;hydro\u00e9lectricit\u00e9 au Qu\u00e9bec?<\/strong><\/h3>\n<p>L\u2019hydro\u00e9lectricit\u00e9 (l\u2019Hydro) est la source d\u2019\u00e9nergie renouvelable la plus utilis\u00e9e au Qu\u00e9bec. Elle est une source d\u2019\u00e9nergie propre, car elle \u00e9met tr\u00e8s peu de <a href=\"https:\/\/www.canada.ca\/fr\/environnement-changement-climatique\/services\/indicateurs-environnementaux\/emissions-gaz-effet-serre.html\">gaz \u00e0 effet de serre<\/a> (GES). Celle-ci est donc une bonne fa\u00e7on de prot\u00e9ger l\u2019environnement. Gr\u00e2ce \u00e0 l\u2019Hydro, le Qu\u00e9bec compte les plus bas prix d\u2019\u00e9lectricit\u00e9 en Am\u00e9rique du Nord. Bien que le prix reste bas, la consommation est \u00e9lev\u00e9e, donc les factures d\u2019\u00e9lectricit\u00e9 restent co\u00fbteuses.<\/p>\n<h3><strong>Quels facteurs peuvent influencer le co\u00fbt de votre facture d\u2019Hydro-Qu\u00e9bec?<\/strong><\/h3>\n<p>Le Qu\u00e9bec compte diff\u00e9rentes saisons qui peuvent influencer le co\u00fbt de votre facture d\u2019Hydro-Qu\u00e9bec. Voici les saisons et comment elles affectent votre facture:<\/p>\n<ul>\n<li><strong>\u00c0 l\u2019automne, <\/strong>le chauffage est parfois n\u00e9cessaire, mais le syst\u00e8me ne travaille pas tr\u00e8s fort pour chauffer la maison. Le co\u00fbt de votre facture sera moins \u00e9lev\u00e9 qu\u2019en hiver, mais plus \u00e9lev\u00e9 qu\u2019au printemps.<\/li>\n<li><strong>En hiver<\/strong>, le syst\u00e8me de chauffage travaille plus fort et donc utilise plus d\u2019\u00e9nergie. Bien que vous n\u2019ayez pas chang\u00e9 la temp\u00e9rature du thermostat, lorsque vient le temps de payer votre facture d\u2019Hydro-Qu\u00e9bec, celle-ci sera assez \u00e9lev\u00e9e.<\/li>\n<li><strong>Au printemps<\/strong>, les factures d\u2019\u00e9lectricit\u00e9 sont souvent les plus basses, car ni le chauffage et ni l\u2019air climatis\u00e9 ne sont utilis\u00e9s fr\u00e9quemment.<\/li>\n<li><strong>En \u00e9t\u00e9<\/strong>, les piscines et les climatiseurs sont utilis\u00e9s pour se rafra\u00eechir et augmentent vite les co\u00fbts des factures d\u2019\u00e9lectricit\u00e9.<\/li>\n<\/ul>\n<p><strong>\u00c9conomisez sur votre facture d\u2019\u00e9lectricit\u00e9 avec Hilo\u00a0<\/strong><\/p>\n<p>Hilo s\u2019agit d\u2019un service de maison intelligente principalement ax\u00e9 sur l\u2019efficacit\u00e9 \u00e9nerg\u00e9tique. Les diff\u00e9rents appareils connect\u00e9s sont g\u00e9r\u00e9s \u00e0 distance, \u00e0 partir de l\u2019application mobile Hilo. Comme vous utilisez l\u2019\u00e9nergie dont vous avez besoin et pas plus, vous r\u00e9alisez jusqu\u2019\u00e0 15 % d\u2019\u00e9conomies sur votre facture annuelle d\u2019\u00e9lectricit\u00e9.<\/p>\n<p><a class=\"elementor-button\" href=\"https:\/\/go.movingwaldo.ca\/Hilo-maisonintelligente\" target=\"_blank\" rel=\"noopener\">En savoir plus sur Hilo<\/a><\/p>\n<h3><strong>Comment fonctionne le tarif D (domestique) d\u2019Hydro-Qu\u00e9bec en 2025?<\/strong><\/h3>\n<p>Le <a href=\"https:\/\/www.hydroquebec.com\/data\/documents-donnees\/pdf\/tarifs-electricite.pdf#page=16\">Tarif D<\/a> est le tarif le plus commun \u00e0 usage r\u00e9sidentiel et agricole (domestique) au Qu\u00e9bec. Ce tarif n\u2019est applicable qu\u2019\u00e0 ceux qui ont atteint une puissance maximale de 65 KW dans les 12 derni\u00e8res p\u00e9riodes mensuelles.<\/p>\n<h4><strong>Frais pour le tarif D d\u2019Hydro-Qu\u00e9bec<\/strong><\/h4>\n<table>\n<tbody>\n<tr>\n<td><strong>Type de frais<\/strong><\/td>\n<td><strong>Tarif D<\/strong><\/td>\n<\/tr>\n<tr>\n<td><strong>Frais pour acc\u00e9der au r\u00e9seau\u00a0<\/strong><\/td>\n<td>46,154 \u00a2 \/jour<\/td>\n<\/tr>\n<tr>\n<td><strong>Frais pour l\u2019\u00e9nergie consomm\u00e9e avant d\u2019atteindre 40 kWh<\/strong><\/td>\n<td>6,905 \u00a2 \/kWh<\/td>\n<\/tr>\n<tr>\n<td><strong>Frais pour le reste de l\u2019\u00e9nergie consomm\u00e9e<\/strong><\/td>\n<td>10,652 \u00a2 \/kWh<\/td>\n<\/tr>\n<\/tbody>\n<\/table>\n<p style=\"text-align: right;\"><em><a href=\"https:\/\/www.hydroquebec.com\/data\/documents-donnees\/pdf\/tarifs-electricite.pdf#page=16\">Hydro-Qu\u00e9bec (Avril 2025)<\/a><\/em><\/p>\n<h4><strong>Devriez-vous passer du Tarif D au DP le 1er avril?<\/strong><\/h4>\n<p>Hydro-Qu\u00e9bec \u00e9valuera au 1er avril s\u2019il \u00e9tait plus avantageux pour vous de passer du Tarif D au <a href=\"https:\/\/www.hydroquebec.com\/data\/documents-donnees\/pdf\/tarifs-electricite.pdf#page=16\">Tarif DP<\/a>. Pour \u00eatre \u00e9ligible au tarif DP, vous devriez avoir consomm\u00e9 au moins 50 kW, mais moins de 65 kW \u00e0 au moins un moment dans les 12 p\u00e9riodes cons\u00e9cutives pr\u00e9c\u00e9dentes. Si vous \u00eates dans cette situation, le tarif DP vous \u00e9conomisera au moins 3% sur vos factures d\u2019Hydro Qu\u00e9bec.<\/p>\n<h3><strong>Quelle est la consommation moyenne mensuelle d\u2019hydro par m\u00e9nage au Qu\u00e9bec? (Tarif D)<\/strong><\/h3>\n<p>La consommation d\u2019\u00e9lectricit\u00e9 (Hydro) moyenne par m\u00e9nage au Qu\u00e9bec est de <strong>2160 kWh<\/strong><strong>par mois<\/strong>.<\/p>\n<h4><strong>Co\u00fbt de l\u2019Hydro par type d\u2019habitation et consommation<\/strong><\/h4>\n<table>\n<tbody>\n<tr>\n<td><strong>Type d\u2019habitation\u00a0<\/strong><\/td>\n<td><strong>Air climatis\u00e9<\/strong><\/td>\n<td><strong>Piscine ou spa<\/strong><\/td>\n<td><strong>Consommation<\/strong><\/td>\n<td><strong>Co\u00fbt par m\u00e9nage <\/strong><em>46,154 \u00a2 \/jour (frais d\u2019acc\u00e8s) <\/em><em style=\"font-size: revert; font-family: inherit; font-weight: inherit; color: initial;\">6,905 \u00a2 \/kWh (avant 40 kWh)<\/em><em>10,652 \u00a2 \/kWh (apr\u00e8s 40 kWh)<\/em><\/td>\n<\/tr>\n<tr>\n<td><strong>Habitation avec logement multiple\u00a0<\/strong><\/td>\n<td>\u2713<\/td>\n<td>\u2715<\/td>\n<td>1167 kWh \/mois<\/td>\n<td><strong>136 $\/mois<\/strong><\/td>\n<\/tr>\n<tr>\n<td><strong>Habitation Individuelle<\/strong><\/td>\n<td>\u2715<\/td>\n<td>\u2713<\/td>\n<td>2250 kWh \/mois<\/td>\n<td><strong>252 $\/mois<\/strong><\/td>\n<\/tr>\n<tr>\n<td><strong>M\u00e9nage moyen\u00a0<\/strong><\/td>\n<td>n \/ A<\/td>\n<td>n \/ A<\/td>\n<td>2160 kWh \/mois<\/td>\n<td><strong>242 $\/mois<\/strong><\/td>\n<\/tr>\n<\/tbody>\n<\/table>\n<p style=\"text-align: right;\"><a href=\"https:\/\/www.hydroquebec.com\/residentiel\/espace-clients\/consommation\/outils\/utilisation-electricite.html\"><em>Hydro-Qu\u00e9bec (Avril 2025)<\/em><\/a><\/p>\n<h2><strong>Le co\u00fbt moyen du gaz naturel au Qu\u00e9bec<\/strong><\/h2>\n\t\t<div data-elementor-type=\"section\" data-elementor-id=\"1293493\" class=\"elementor elementor-1293493\" data-elementor-post-type=\"elementor_library\">\n\t\t\t<div class=\"elementor-element elementor-element-5f01a71 e-con-full e-flex e-con e-parent\" data-id=\"5f01a71\" data-element_type=\"container\" data-e-type=\"container\" data-settings=\"{&quot;background_background&quot;:&quot;classic&quot;,&quot;jet_parallax_layout_list&quot;:[]}\">\n\t\t\t\t<div class=\"elementor-element elementor-element-048012c elementor-absolute elementor-widget elementor-widget-image\" data-id=\"048012c\" data-element_type=\"widget\" data-e-type=\"widget\" data-settings=\"{&quot;_position&quot;:&quot;absolute&quot;}\" data-widget_type=\"image.default\">\n\t\t\t\t<div class=\"elementor-widget-container\">\n\t\t\t\t\t\t\t\t\t\t\t\t\t\t\t<img decoding=\"async\" src=\"https:\/\/www.prod23.movingwaldo.com\/wp-content\/uploads\/2023\/06\/question-mark.svg\" class=\"attachment-full size-full wp-image-1278367\" alt=\"\" \/>\t\t\t\t\t\t\t\t\t\t\t\t\t\t\t<\/div>\n\t\t\t\t<\/div>\n\t\t\t\t<div class=\"elementor-element elementor-element-940f3b9 elementor-widget__width-inherit elementor-widget elementor-widget-heading\" data-id=\"940f3b9\" data-element_type=\"widget\" data-e-type=\"widget\" data-widget_type=\"heading.default\">\n\t\t\t\t<div class=\"elementor-widget-container\">\n\t\t\t\t\t<span class=\"elementor-heading-title elementor-size-default\">Quel est le co\u00fbt moyen de fourniture du gaz naturel \u00e0 prix variable au Qu\u00e9bec?<\/span>\t\t\t\t<\/div>\n\t\t\t\t<\/div>\n\t\t\t\t<div class=\"elementor-element elementor-element-d76d2e8 elementor-widget__width-inherit elementor-widget elementor-widget-text-editor\" data-id=\"d76d2e8\" data-element_type=\"widget\" data-e-type=\"widget\" data-widget_type=\"text-editor.default\">\n\t\t\t\t<div class=\"elementor-widget-container\">\n\t\t\t\t\t\t\t\t\tLe co\u00fbt moyen de fourniture du gaz naturel \u00e0 prix variable au Qu\u00e9bec est de 85 $ par mois.\t\t\t\t\t\t\t\t<\/div>\n\t\t\t\t<\/div>\n\t\t\t\t<\/div>\n\t\t\t\t<\/div>\n\t\t\n<h3><strong>Comment fonctionne le gaz naturel au Qu\u00e9bec?<\/strong><\/h3>\n<p>Anciennement connu sous le nom de Gaz M\u00e9tro, <a href=\"https:\/\/www.energir.com\/\">\u00c9nergir<\/a> est le principal distributeur de gaz naturel au Qu\u00e9bec. Celui-ci ach\u00e8te le gaz naturel de divers fournisseurs provenant de l\u2019Ouest canadien et des \u00c9tats-Unis et le distribue \u00e0 travers le Qu\u00e9bec. Pour adh\u00e9rer au gaz naturel au Qu\u00e9bec, vous devez choisir entre le gaz naturel \u00e0 <strong>prix fixe<\/strong> (entente obligatoire directement avec le fournisseur) ou le gaz naturel \u00e0 <strong>prix variable<\/strong> (prix variable par d\u00e9faut directement d\u2019\u00c9nergir).<\/p>\n<p style=\"text-align: right;\"><a href=\"https:\/\/energir.com\/fr\/a-propos\/nos-energies\/gaz-naturel\/gaz-naturel\"><em>\u00c9nergir<\/em> (2025)<\/a><\/p>\n<h3><strong>Chauffage au gaz naturel vs \u00e9lectricit\u00e9: Quelle est la diff\u00e9rence?<\/strong><\/h3>\n<p>Le gaz naturel est le moyen le plus \u00e9conomique pour le chauffage d\u2019un logement au Qu\u00e9bec. Il est en effet 30% moins cher que l\u2019hydro\u00e9lectricit\u00e9. En revanche, depuis 2013, le syst\u00e8me de plafonnement et d\u2019\u00e9change de droits d\u2019\u00e9mission <a href=\"https:\/\/www.environnement.gouv.qc.ca\/changements\/carbone\/documents-spede\/en-bref.pdf\">(SPEDE)<\/a> a \u00e9t\u00e9 \u00e9tabli afin de r\u00e9duire l\u2019empreinte \u00e9cologique des gaz \u00e0 effet de serre (GES) sur l\u2019environnement. Celui-ci comprend une somme qui est ajout\u00e9e \u00e0 toutes les factures de gaz naturel au Qu\u00e9bec. Cette somme est variable, mais se situe g\u00e9n\u00e9ralement autour de 4 \u00a2\/m3. Le gaz naturel reste tout de m\u00eame l\u2019option la plus \u00e9conomique de chauffage au Qu\u00e9bec. La consommation moyenne en gaz naturel par mois par m\u00e9nage au Qu\u00e9bec est de 428 m3 et selon \u00c9nergir, les tarifs de gaz naturel resteront bas pour les 10 prochaines ann\u00e9es.<\/p>\n<p style=\"text-align: right;\"><em><a href=\"https:\/\/energir.com\/fr\/affaires\/espace-client\/facturation-et-tarification\/tarification\">\u00c9nergir (2025)<\/a><\/em><\/p>\n<h3><strong>Comment fonctionne le gaz naturel \u00e0 prix fixe?<\/strong><\/h3>\n<p>Pour adh\u00e9rer au gaz naturel \u00e0 prix fixe, vous devez d\u2019abord <a href=\"https:\/\/energir.com\/fr\/affaires\/espace-client\/facturation-et-tarification\/tarification\/autres-fournisseurs-de-gaz-naturel\">choisir un fournisseur<\/a> afin de convenir \u00e0 une entente sur le prix fixe. Ce prix fix\u00e9 sera ensuite achet\u00e9 par \u00c9nergir et vous \u00eatre redistribu\u00e9.<\/p>\n<p>Pour \u00eatre admissible au gaz naturel \u00e0 prix fixe, votre consommation annuelle doit \u00eatre plus \u00e9lev\u00e9e que 7 500 m3, mais moins de 1 168 000 m3. Le gaz naturel \u00e0 prix fixe est habituellement utilis\u00e9 dans les grandes familles et les entreprises. La consommation de gaz naturel par m\u00e9nage au Qu\u00e9bec est en moyenne 5 143 m3 par an.<\/p>\n<p style=\"text-align: right;\"><a href=\"https:\/\/energir.com\/fr\/affaires\/espace-client\/facturation-et-tarification\/tarification\"><em>\u00c9nergir<\/em> (2025)<\/a><\/p>\n<h3><strong>Quel est le prix de fourniture du gaz naturel, est-il variable?<\/strong><\/h3>\n<p>Energir ach\u00e8te le gaz naturel de divers fournisseurs, vous le revends, mais \u00e0 prix variable (par d\u00e9faut) selon le march\u00e9.<\/p>\n<p><strong>Votre facture de gaz naturel inclura en totalit\u00e9:<\/strong><\/p>\n<ul>\n<li>Le prix de fourniture de gaz naturel (environ 4\u00a2\/m3, mais variable)<\/li>\n<li>Le prix du SPEDE (environ 4\u00a2\/m3, mais variable)<\/li>\n<li>Le prix de transport (variable selon la p\u00e9riode)<\/li>\n<li>Le prix de l\u2019\u00e9quilibrage (variable selon votre consommation de pointe, d\u2019hiver et annuelle)<\/li>\n<li>Le prix d\u2019ajustements li\u00e9s aux inventaires (variable selon votre consommation et l\u2019inventaire d\u2019\u00c9nergir)<\/li>\n<li>Les taxes (environ 15%)<\/li>\n<\/ul>\n<p>Le tableau suivant affiche des exemples r\u00e9els de prix de fourniture de gaz naturel r\u00e9cents. Pour conna\u00eetre les prix actuels, veuillez consulter <a href=\"https:\/\/energir.com\/fr\/grandes-entreprises\/prix-du-gaz-naturel\/prix-et-historique\">le prix de fourniture de gaz naturel<\/a> sur le site d\u2019\u00c9nergir.<\/p>\n<h4><strong>Le prix de fourniture de gaz naturel au Qu\u00e9bec<\/strong><\/h4>\n<table style=\"width: 99.2491%; height: 500px;\">\n<tbody>\n<tr style=\"height: 20px;\">\n<td style=\"width: 85.3904%; height: 20px;\"><strong>Description<\/strong><\/td>\n<td style=\"width: 13.9798%; height: 20px;\"><strong>1er avril 2025\u00a0<\/strong><\/td>\n<\/tr>\n<tr style=\"height: 20px;\">\n<td style=\"width: 85.3904%; height: 20px;\"><strong>Co\u00fbt $\/GJ<\/strong><\/td>\n<td style=\"width: 13.9798%; height: 20px;\">5,96 $<\/td>\n<\/tr>\n<tr style=\"height: 20px;\">\n<td style=\"width: 85.3904%; height: 20px;\"><strong>Co\u00fbt \u00a2\/m3<\/strong><\/td>\n<td style=\"width: 13.9798%; height: 20px;\">22,582 \u00a2<\/td>\n<\/tr>\n<tr style=\"height: 110px;\">\n<td style=\"width: 85.3904%; height: 110px;\"><strong>Co\u00fbt de migration: entr\u00e9e<\/strong><\/p>\n<ul>\n<li><em>\u00a2\/m3<\/em><\/li>\n<li><em>Applicable si pr\u00e9avis de service non respect\u00e9<\/em><\/li>\n<\/ul>\n<\/td>\n<td style=\"width: 13.9798%; height: 110px;\">0.00 \u00a2<\/td>\n<\/tr>\n<tr style=\"height: 110px;\">\n<td style=\"width: 85.3904%; height: 110px;\"><strong>Co\u00fbt de migration: sortie<\/strong><\/p>\n<ul>\n<li><em>\u00a2\/m3<\/em><\/li>\n<li><em>Applicable si pr\u00e9avis de service non respect\u00e9<\/em><\/li>\n<\/ul>\n<\/td>\n<td style=\"width: 13.9798%; height: 110px;\">0.00 \u00a2<\/td>\n<\/tr>\n<tr style=\"height: 81px;\">\n<td style=\"width: 85.3904%; height: 81px;\"><strong>Co\u00fbt syst\u00e8me de plafonnement et d\u2019\u00e9change de droits d\u2019\u00e9mission (SPEDE)<\/strong><\/p>\n<ul>\n<li><em>\u00a2\/m3<\/em><\/li>\n<\/ul>\n<\/td>\n<td style=\"width: 13.9798%; height: 81px;\">8,448 \u00a2<\/td>\n<\/tr>\n<tr style=\"height: 139px;\">\n<td style=\"width: 85.3904%; height: 139px;\"><strong>Co\u00fbt moyen fourniture de gaz naturel \u00e0 prix variable\u00a0<\/strong><\/p>\n<ul>\n<li><em>Pour 274 m3 (usage moyen mensuel)<\/em><\/li>\n<li><em>SPEDE inclus<\/em><\/li>\n<li><em>\u00c9quilibrage, transport, prix d\u2019ajustement, entr\u00e9\/sortie migration et taxes non inclus<\/em><\/li>\n<\/ul>\n<\/td>\n<td style=\"width: 13.9798%; height: 139px;\">85 $<\/td>\n<\/tr>\n<\/tbody>\n<\/table>\n<p style=\"text-align: right;\"><em><a href=\"https:\/\/energir.com\/fr\/affaires\/espace-client\/facturation-et-tarification\/tarification\">\u00c9nergir (2025)<\/a><\/em><\/p>\n<p><em>*Calculs: la moyenne des co\u00fbt par m3 et la moyenne du co\u00fbt du syst\u00e8me de plafonnement X 274 m3 (convertit en $)<\/em><\/p>\n<h2><strong>Le co\u00fbt moyen de l\u2019internet par mois au Qu\u00e9bec<\/strong><\/h2>\n\t\t<div data-elementor-type=\"section\" data-elementor-id=\"1293496\" class=\"elementor elementor-1293496\" data-elementor-post-type=\"elementor_library\">\n\t\t\t<div class=\"elementor-element elementor-element-2295c88 e-con-full e-flex e-con e-parent\" data-id=\"2295c88\" data-element_type=\"container\" data-e-type=\"container\" data-settings=\"{&quot;background_background&quot;:&quot;classic&quot;,&quot;jet_parallax_layout_list&quot;:[]}\">\n\t\t\t\t<div class=\"elementor-element elementor-element-d782297 elementor-absolute elementor-widget elementor-widget-image\" data-id=\"d782297\" data-element_type=\"widget\" data-e-type=\"widget\" data-settings=\"{&quot;_position&quot;:&quot;absolute&quot;}\" data-widget_type=\"image.default\">\n\t\t\t\t<div class=\"elementor-widget-container\">\n\t\t\t\t\t\t\t\t\t\t\t\t\t\t\t<img decoding=\"async\" src=\"https:\/\/www.prod23.movingwaldo.com\/wp-content\/uploads\/2023\/06\/question-mark.svg\" class=\"attachment-full size-full wp-image-1278367\" alt=\"\" \/>\t\t\t\t\t\t\t\t\t\t\t\t\t\t\t<\/div>\n\t\t\t\t<\/div>\n\t\t\t\t<div class=\"elementor-element elementor-element-c40a226 elementor-widget__width-inherit elementor-widget elementor-widget-heading\" data-id=\"c40a226\" data-element_type=\"widget\" data-e-type=\"widget\" data-widget_type=\"heading.default\">\n\t\t\t\t<div class=\"elementor-widget-container\">\n\t\t\t\t\t<span class=\"elementor-heading-title elementor-size-default\">Quel est le prix moyen de l\u2019internet au Qu\u00e9bec?<\/span>\t\t\t\t<\/div>\n\t\t\t\t<\/div>\n\t\t\t\t<div class=\"elementor-element elementor-element-1917381 elementor-widget__width-inherit elementor-widget elementor-widget-text-editor\" data-id=\"1917381\" data-element_type=\"widget\" data-e-type=\"widget\" data-widget_type=\"text-editor.default\">\n\t\t\t\t<div class=\"elementor-widget-container\">\n\t\t\t\t\t\t\t\t\tLe prix moyen de l\u2019internet au Qu\u00e9bec est de 69.00 $ par mois.\t\t\t\t\t\t\t\t<\/div>\n\t\t\t\t<\/div>\n\t\t\t\t<\/div>\n\t\t\t\t<\/div>\n\t\t\n<p><a class=\"elementor-button\" href=\"https:\/\/fr.movers.movingwaldo.com\/services-residentiels-publique?category=residential-telecom&amp;postal=&amp;region=QC&quot;\">Comparer Internet<\/a><\/p>\n<h3><strong>Quels facteurs peuvent varier le co\u00fbt des forfaits internet?<\/strong><\/h3>\n<p>Il y a de nombreux <a href=\"https:\/\/www.movingwaldo.com\/fr\/fournisseurs-internet-et-television\/5-meilleurs-fournisseurs-internet-a-montreal\/\">forfaits internet<\/a> parmi lesquels choisir, mais quels facteurs peuvent varier leurs co\u00fbts?<\/p>\n<p><strong>Les facteurs pouvant influencer le co\u00fbt de votre forfait internet sont les suivants:\u00a0<\/strong><\/p>\n<ul>\n<li>La vitesse du forfait<\/li>\n<li>Le type de connexion internet<\/li>\n<li>Les limites de donn\u00e9es<\/li>\n<li>La dur\u00e9e du forfait\/contrat<\/li>\n<li>La taille de l\u2019entreprise<\/li>\n<li>Les promotions et les regroupements<\/li>\n<li>Le co\u00fbt de l\u2019installation<\/li>\n<li>Votre emplacement (banlieue ou ville)<\/li>\n<\/ul>\n<h3><strong>Combien co\u00fbte l\u2019internet par mois au Qu\u00e9bec?<\/strong><\/h3>\n<p>Selon le <a href=\"https:\/\/crtc.gc.ca\/eng\/publications\/reports\/PolicyMonitoring\/ban.htm\">CRTC <\/a>(le Conseil de la radiodiffusion et des t\u00e9l\u00e9communications canadiennes), le m\u00e9nage moyen au Qu\u00e9bec paie 69.00 $ par mois pour son forfait internet \u00e0 50 Mbps.<\/p>\n<table style=\"width: 100%; height: 100px;\">\n<tbody>\n<tr style=\"height: 20px;\">\n<td style=\"height: 20px;\"><strong>Type de connexion<\/strong><\/td>\n<td style=\"height: 20px;\"><strong>Mbps\u00a0<\/strong><\/td>\n<td style=\"height: 20px;\"><strong>Co\u00fbt moyen<\/strong><\/td>\n<\/tr>\n<tr style=\"height: 20px;\">\n<td style=\"height: 20px;\"><a href=\"https:\/\/www.teksavvy.com\/services\/internet\/\"><strong>DSL<\/strong><\/a><\/td>\n<td style=\"height: 20px;\">30 Mbps<\/td>\n<td style=\"height: 20px;\">68,95 $\/mois<\/td>\n<\/tr>\n<tr style=\"height: 20px;\">\n<td style=\"height: 20px;\"><a href=\"https:\/\/go.movingwaldo.ca\/vmedia-plansinternet-fr\"><strong>C\u00e2ble<\/strong><\/a><\/td>\n<td style=\"height: 20px;\">60 Mbps<\/td>\n<td style=\"height: 20px;\">39,95 $\/mois<\/td>\n<\/tr>\n<tr style=\"height: 20px;\">\n<td style=\"height: 20px;\"><a href=\"https:\/\/www.videotron.com\/magasiner\/helix\/forfaits\/internet\"><strong>Fibre optique<\/strong><\/a><\/td>\n<td style=\"height: 20px;\">500\u00a0Mbps<\/td>\n<td style=\"height: 20px;\">74,00 $\/mois<\/td>\n<\/tr>\n<tr style=\"height: 20px;\">\n<td style=\"height: 20px;\"><a href=\"https:\/\/movingwaldo.com\/fr\/fournisseurs-internet-et-television\/fournisseurs-internet-satellite-quebec-canada\/\"><strong>Internet par satellite\u00a0<\/strong><\/a><\/td>\n<td style=\"height: 20px;\">50 Mbps<\/td>\n<td style=\"height: 20px;\">100 $\/mois<\/td>\n<\/tr>\n<\/tbody>\n<\/table>\n<p style=\"text-align: right;\">\n<h2><strong>Le prix du service de c\u00e2ble tv au Qu\u00e9bec<\/strong><\/h2>\n\t\t<div data-elementor-type=\"section\" data-elementor-id=\"1293787\" class=\"elementor elementor-1293787\" data-elementor-post-type=\"elementor_library\">\n\t\t\t<div class=\"elementor-element elementor-element-6fc8671 e-con-full e-flex e-con e-parent\" data-id=\"6fc8671\" data-element_type=\"container\" data-e-type=\"container\" data-settings=\"{&quot;background_background&quot;:&quot;classic&quot;,&quot;jet_parallax_layout_list&quot;:[]}\">\n\t\t\t\t<div class=\"elementor-element elementor-element-46e78d1 elementor-absolute elementor-widget elementor-widget-image\" data-id=\"46e78d1\" data-element_type=\"widget\" data-e-type=\"widget\" data-settings=\"{&quot;_position&quot;:&quot;absolute&quot;}\" data-widget_type=\"image.default\">\n\t\t\t\t<div class=\"elementor-widget-container\">\n\t\t\t\t\t\t\t\t\t\t\t\t\t\t\t<img decoding=\"async\" src=\"https:\/\/www.prod23.movingwaldo.com\/wp-content\/uploads\/2023\/06\/question-mark.svg\" class=\"attachment-full size-full wp-image-1278367\" alt=\"\" \/>\t\t\t\t\t\t\t\t\t\t\t\t\t\t\t<\/div>\n\t\t\t\t<\/div>\n\t\t\t\t<div class=\"elementor-element elementor-element-7e8460a elementor-widget__width-inherit elementor-widget elementor-widget-heading\" data-id=\"7e8460a\" data-element_type=\"widget\" data-e-type=\"widget\" data-widget_type=\"heading.default\">\n\t\t\t\t<div class=\"elementor-widget-container\">\n\t\t\t\t\t<span class=\"elementor-heading-title elementor-size-default\">Quel est le prix moyen d\u2019un abonnement au c\u00e2ble au Qu\u00e9bec?<\/span>\t\t\t\t<\/div>\n\t\t\t\t<\/div>\n\t\t\t\t<div class=\"elementor-element elementor-element-7b18168 elementor-widget__width-inherit elementor-widget elementor-widget-text-editor\" data-id=\"7b18168\" data-element_type=\"widget\" data-e-type=\"widget\" data-widget_type=\"text-editor.default\">\n\t\t\t\t<div class=\"elementor-widget-container\">\n\t\t\t\t\t\t\t\t\tLe prix moyen d\u2019un abonnement au c\u00e2ble au Qu\u00e9bec est de 33 $ par mois.\t\t\t\t\t\t\t\t<\/div>\n\t\t\t\t<\/div>\n\t\t\t\t<\/div>\n\t\t\t\t<\/div>\n\t\t\n<p><a class=\"elementor-button\" href=\"https:\/\/fr.movers.movingwaldo.com\/services-residentiels-publique?category=residential-telecom&amp;postal=&amp;region=QC\" target=\"_blank\" rel=\"noopener\">Comparer les forfaits<\/a><\/p>\n<h3><strong>Quels facteurs font varier le co\u00fbt des forfaits c\u00e2bles tv?<\/strong><\/h3>\n<p>Il y a de nombreux <a href=\"https:\/\/www.movingwaldo.com\/fr\/astuces-demenagement\/forfaits-tv-meilleurs-fournisseurs-tele-quebec\/\">forfaits c\u00e2bles tv<\/a> parmi lesquels choisir, mais quels facteurs peuvent varier leurs co\u00fbts?<\/p>\n<p><strong>Les facteurs pouvant influencer le co\u00fbt de votre forfait c\u00e2ble tv sont les suivants:\u00a0<\/strong><\/p>\n<ul>\n<li>Le type de cha\u00eenes choisies (sports ou films)<\/li>\n<li>Le nombre de cha\u00eenes<\/li>\n<li>L\u2019inclusion ou l\u2019exclusion de cha\u00eenes radio<\/li>\n<li>Les promotions et les regroupements<\/li>\n<li>La qualit\u00e9 de l\u2019image (HD ou 4K)<\/li>\n<li>La taille de l\u2019entreprise<\/li>\n<li>Le co\u00fbt de l\u2019installation Votre emplacement (banlieue ou ville)<\/li>\n<\/ul>\n<h3><strong>Quel est le prix moyen d\u2019un abonnement au c\u00e2ble tv au Qu\u00e9bec?<\/strong><\/h3>\n<p>Le m\u00e9nage moyen au Qu\u00e9bec paie 30.24 $ pour leur forfait de c\u00e2ble tv de base.<\/p>\n<table>\n<tbody>\n<tr>\n<td><strong>Type de forfait c\u00e2ble tv<\/strong><\/td>\n<td><strong>Co\u00fbt<\/strong><\/td>\n<\/tr>\n<tr>\n<td><strong>14 cha\u00eenes g\u00e9n\u00e9ralistes <\/strong><a href=\"https:\/\/go.movingwaldo.ca\/Bravo-ForfaitTelevision\"><em>Bravo Telecom (forfait de base)<\/em><\/a><\/td>\n<td>15.00 $\/mois<\/td>\n<\/tr>\n<tr>\n<td><strong>33 cha\u00eenes de t\u00e9l\u00e9vision, 90 cha\u00eenes de musique Stingray + 2 cha\u00eenes Stingray Ambiance + 34 cha\u00eenes radio AM\/FM\u00a0<\/strong><a href=\"https:\/\/go.movingwaldo.ca\/CCAP-TV\"><em>CCAP Cable<\/em><\/a><\/td>\n<td>22.00 $\/mois<\/td>\n<\/tr>\n<tr>\n<td><strong>55 cha\u00eenes essentielles + 15 cha\u00eenes m\u00e9lang\u00e9es <\/strong><a href=\"https:\/\/go.movingwaldo.ca\/vmedia-planstele-fr\"><em>VMEDIA<\/em><\/a><\/td>\n<td>61.00 $\/mois<\/td>\n<\/tr>\n<\/tbody>\n<\/table>\n<h2><strong>Le prix moyen du t\u00e9l\u00e9phone r\u00e9sidentiel au Qu\u00e9bec<\/strong><\/h2>\n\t\t<div data-elementor-type=\"section\" data-elementor-id=\"1304851\" class=\"elementor elementor-1304851\" data-elementor-post-type=\"elementor_library\">\n\t\t\t<div class=\"elementor-element elementor-element-3777240 e-con-full e-flex e-con e-parent\" data-id=\"3777240\" data-element_type=\"container\" data-e-type=\"container\" data-settings=\"{&quot;background_background&quot;:&quot;classic&quot;,&quot;jet_parallax_layout_list&quot;:[]}\">\n\t\t\t\t<div class=\"elementor-element elementor-element-caea963 elementor-absolute elementor-widget elementor-widget-image\" data-id=\"caea963\" data-element_type=\"widget\" data-e-type=\"widget\" data-settings=\"{&quot;_position&quot;:&quot;absolute&quot;}\" data-widget_type=\"image.default\">\n\t\t\t\t<div class=\"elementor-widget-container\">\n\t\t\t\t\t\t\t\t\t\t\t\t\t\t\t<img decoding=\"async\" src=\"https:\/\/www.prod23.movingwaldo.com\/wp-content\/uploads\/2023\/06\/question-mark.svg\" class=\"attachment-full size-full wp-image-1278367\" alt=\"\" \/>\t\t\t\t\t\t\t\t\t\t\t\t\t\t\t<\/div>\n\t\t\t\t<\/div>\n\t\t\t\t<div class=\"elementor-element elementor-element-096b17e elementor-widget__width-inherit elementor-widget elementor-widget-heading\" data-id=\"096b17e\" data-element_type=\"widget\" data-e-type=\"widget\" data-widget_type=\"heading.default\">\n\t\t\t\t<div class=\"elementor-widget-container\">\n\t\t\t\t\t<span class=\"elementor-heading-title elementor-size-default\">Quel est le prix moyen d\u2019un forfait t\u00e9l\u00e9phone r\u00e9sidentiel au Qu\u00e9bec?<\/span>\t\t\t\t<\/div>\n\t\t\t\t<\/div>\n\t\t\t\t<div class=\"elementor-element elementor-element-0507298 elementor-widget__width-inherit elementor-widget elementor-widget-text-editor\" data-id=\"0507298\" data-element_type=\"widget\" data-e-type=\"widget\" data-widget_type=\"text-editor.default\">\n\t\t\t\t<div class=\"elementor-widget-container\">\n\t\t\t\t\t\t\t\t\tLe prix moyen d\u2019un forfait t\u00e9l\u00e9phone r\u00e9sidentiel au Qu\u00e9bec est de 30.65 $ par mois.\t\t\t\t\t\t\t\t<\/div>\n\t\t\t\t<\/div>\n\t\t\t\t<\/div>\n\t\t\t\t<\/div>\n\t\t\n<p><a class=\"elementor-button\" href=\"https:\/\/fr.movers.movingwaldo.com\/services-residentiels-publique?category=residential-telecom&amp;postal=&amp;region=QC\" target=\"_blank\" rel=\"noopener\">Comparer les forfaits<\/a><\/p>\n<h3><strong>Quels facteurs font varier le co\u00fbt des forfaits t\u00e9l\u00e9phones?<\/strong><\/h3>\n<p>Il y a de nombreux <a href=\"https:\/\/www.opc.gouv.qc.ca\/consommateur\/sujet\/contrat\/regles\/telecommunication\/telephone-television-internet\/\">forfaits t\u00e9l\u00e9phones<\/a> parmi lesquels choisir, mais quels facteurs peuvent varier leurs co\u00fbts?<\/p>\n<p><strong>Les facteurs pouvant influencer le co\u00fbt de votre forfait de t\u00e9l\u00e9phonie r\u00e9sidentiel sont les suivants:\u00a0<\/strong><\/p>\n<ul>\n<li>Les appels interurbains ou locaux<\/li>\n<li>Les appels illimit\u00e9s ou limit\u00e9s<\/li>\n<li>L\u2019afficheur<\/li>\n<li>Le nombre de minutes<\/li>\n<li>Les promotions et les regroupements<\/li>\n<li>La taille de l\u2019entreprise<\/li>\n<li>Votre emplacement (banlieue ou ville)<\/li>\n<\/ul>\n<h3><strong>Quel est le prix moyen d\u2019un forfait t\u00e9l\u00e9phone au Qu\u00e9bec?<\/strong><\/h3>\n<p>Le m\u00e9nage moyen au Qu\u00e9bec paie 24.98 $ pour leur ligne de t\u00e9l\u00e9phonie r\u00e9sidentielle.<\/p>\n<table style=\"width: 100%; height: 80px;\">\n<tbody>\n<tr style=\"height: 20px;\">\n<td style=\"height: 20px; width: 85%;\"><strong>Forfait t\u00e9l\u00e9phone r\u00e9sidentiel\u00a0<\/strong><\/td>\n<td style=\"height: 20px; width: 14.25%;\"><strong>Prix moyen<\/strong><\/td>\n<\/tr>\n<tr style=\"height: 20px;\">\n<td style=\"height: 20px; width: 85%;\"><strong>Appels partout au Canada et \u00c9tats-Unis <\/strong><a href=\"https:\/\/www.inovatel.ca\/fr\/telephonie-residentielle\/\"><em>Inovatel<\/em><\/a><\/td>\n<td style=\"height: 20px; width: 14.25%;\">15.00 $\/mois<\/td>\n<\/tr>\n<tr style=\"height: 20px;\">\n<td style=\"height: 20px; width: 85%;\"><strong>Appels illimit\u00e9s \u00e0 plus de 60 pays <\/strong><a href=\"https:\/\/go.movingwaldo.ca\/vmedia-telephoneplans-fr\"><em>VMEDIA<\/em><\/a><\/td>\n<td style=\"height: 20px; width: 14.25%;\">26.95 $\/mois<\/td>\n<\/tr>\n<tr style=\"height: 20px;\">\n<td style=\"height: 20px; width: 85%;\"><strong>Appels longue distance gratuits et illimit\u00e9s au Qu\u00e9bec et au Canada <\/strong><a href=\"https:\/\/go.movingwaldo.ca\/Videotron-forfaitstelephonie\"><em>Vid\u00e9otron<\/em><\/a><\/td>\n<td style=\"height: 20px; width: 14.25%;\">50.00 $\/mois<\/td>\n<\/tr>\n<\/tbody>\n<\/table>\n<h2><strong>Le prix moyen des services r\u00e9sidentiels \u00e0 Montr\u00e9al<\/strong><\/h2>\n\t\t<div data-elementor-type=\"section\" data-elementor-id=\"1304855\" class=\"elementor elementor-1304855\" data-elementor-post-type=\"elementor_library\">\n\t\t\t<div class=\"elementor-element elementor-element-46b4cea e-con-full e-flex e-con e-parent\" data-id=\"46b4cea\" data-element_type=\"container\" data-e-type=\"container\" data-settings=\"{&quot;background_background&quot;:&quot;classic&quot;,&quot;jet_parallax_layout_list&quot;:[]}\">\n\t\t\t\t<div class=\"elementor-element elementor-element-58f7d16 elementor-absolute elementor-widget elementor-widget-image\" data-id=\"58f7d16\" data-element_type=\"widget\" data-e-type=\"widget\" data-settings=\"{&quot;_position&quot;:&quot;absolute&quot;}\" data-widget_type=\"image.default\">\n\t\t\t\t<div class=\"elementor-widget-container\">\n\t\t\t\t\t\t\t\t\t\t\t\t\t\t\t<img decoding=\"async\" src=\"https:\/\/www.prod23.movingwaldo.com\/wp-content\/uploads\/2023\/06\/question-mark.svg\" class=\"attachment-full size-full wp-image-1278367\" alt=\"\" \/>\t\t\t\t\t\t\t\t\t\t\t\t\t\t\t<\/div>\n\t\t\t\t<\/div>\n\t\t\t\t<div class=\"elementor-element elementor-element-14568c1 elementor-widget__width-inherit elementor-widget elementor-widget-heading\" data-id=\"14568c1\" data-element_type=\"widget\" data-e-type=\"widget\" data-widget_type=\"heading.default\">\n\t\t\t\t<div class=\"elementor-widget-container\">\n\t\t\t\t\t<span class=\"elementor-heading-title elementor-size-default\">Quel est le prix moyen des services r\u00e9sidentiels \u00e0 Montr\u00e9al?<\/span>\t\t\t\t<\/div>\n\t\t\t\t<\/div>\n\t\t\t\t<div class=\"elementor-element elementor-element-14b1e0b elementor-widget__width-inherit elementor-widget elementor-widget-text-editor\" data-id=\"14b1e0b\" data-element_type=\"widget\" data-e-type=\"widget\" data-widget_type=\"text-editor.default\">\n\t\t\t\t<div class=\"elementor-widget-container\">\n\t\t\t\t\t\t\t\t\tLe prix moyen des services r\u00e9sidentiels \u00e0 Montr\u00e9al est de 350.19 $ par mois.\t\t\t\t\t\t\t\t<\/div>\n\t\t\t\t<\/div>\n\t\t\t\t<\/div>\n\t\t\t\t<\/div>\n\t\t\n<table>\n<tbody>\n<tr>\n<td><strong>Type de service r\u00e9sidentiel<\/strong><\/td>\n<td><strong>Prix moyen mensuel<\/strong><\/td>\n<\/tr>\n<tr>\n<td><strong>Hydro\u00a0<\/strong><\/p>\n<ul>\n<li>Frais d\u2019acc\u00e8s : 46,154 \u00a2 \/jour<\/li>\n<li>Tarif avant 40 kWh : 6,905 \u00a2 \/kWh<\/li>\n<li>Tarif apr\u00e8s 40 kWh : 10,652 \u00a2 \/kWh<\/li>\n<li>M\u00e9nage moyen 2160 kWh\/mois<\/li>\n<\/ul>\n<\/td>\n<td>242 $<\/td>\n<\/tr>\n<tr>\n<td><strong>Gaz naturel<\/strong><\/p>\n<ul>\n<li>Pour 274 m3 (usage moyen mensuel)<\/li>\n<li>SPEDE inclus<\/li>\n<li>\u00c9quilibrage, transport, prix d\u2019ajustement, entr\u00e9e\/sortie migration et taxes non inclus<\/li>\n<\/ul>\n<\/td>\n<td>85 $<\/td>\n<\/tr>\n<tr>\n<td><strong>Internet\u00a0<\/strong><\/p>\n<ul>\n<li>50 Mbps illimit\u00e9<\/li>\n<\/ul>\n<\/td>\n<td>69.00 $<\/td>\n<\/tr>\n<tr>\n<td><strong>C\u00e2ble TV<\/strong><\/td>\n<td>33 $<\/td>\n<\/tr>\n<tr>\n<td><strong>T\u00e9l\u00e9phone r\u00e9sidentiel\u00a0<\/strong><\/td>\n<td>30.65 $<\/td>\n<\/tr>\n<tr>\n<td><strong>Prix total moyen\u00a0<\/strong><\/p>\n<ul>\n<li>Gaz non inclus<\/li>\n<\/ul>\n<\/td>\n<td><strong>374.65 $\/mois<\/strong><\/td>\n<\/tr>\n<\/tbody>\n<\/table>\n<h2><strong>Les co\u00fbts des services r\u00e9sidentiels \u00e0 travers le Canada<\/strong><\/h2>\n\t\t<div data-elementor-type=\"section\" data-elementor-id=\"1304859\" class=\"elementor elementor-1304859\" data-elementor-post-type=\"elementor_library\">\n\t\t\t<div class=\"elementor-element elementor-element-3990ff1 e-con-full e-flex e-con e-parent\" data-id=\"3990ff1\" data-element_type=\"container\" data-e-type=\"container\" data-settings=\"{&quot;background_background&quot;:&quot;classic&quot;,&quot;jet_parallax_layout_list&quot;:[]}\">\n\t\t\t\t<div class=\"elementor-element elementor-element-46531d4 elementor-absolute elementor-widget elementor-widget-image\" data-id=\"46531d4\" data-element_type=\"widget\" data-e-type=\"widget\" data-settings=\"{&quot;_position&quot;:&quot;absolute&quot;}\" data-widget_type=\"image.default\">\n\t\t\t\t<div class=\"elementor-widget-container\">\n\t\t\t\t\t\t\t\t\t\t\t\t\t\t\t<img decoding=\"async\" src=\"https:\/\/www.prod23.movingwaldo.com\/wp-content\/uploads\/2023\/06\/question-mark.svg\" class=\"attachment-full size-full wp-image-1278367\" alt=\"\" \/>\t\t\t\t\t\t\t\t\t\t\t\t\t\t\t<\/div>\n\t\t\t\t<\/div>\n\t\t\t\t<div class=\"elementor-element elementor-element-a164d1b elementor-widget__width-inherit elementor-widget elementor-widget-heading\" data-id=\"a164d1b\" data-element_type=\"widget\" data-e-type=\"widget\" data-widget_type=\"heading.default\">\n\t\t\t\t<div class=\"elementor-widget-container\">\n\t\t\t\t\t<span class=\"elementor-heading-title elementor-size-default\">Quel est le prix moyen pour les services r\u00e9sidentiels au Canada?<\/span>\t\t\t\t<\/div>\n\t\t\t\t<\/div>\n\t\t\t\t<div class=\"elementor-element elementor-element-a7c1c28 elementor-widget__width-inherit elementor-widget elementor-widget-text-editor\" data-id=\"a7c1c28\" data-element_type=\"widget\" data-e-type=\"widget\" data-widget_type=\"text-editor.default\">\n\t\t\t\t<div class=\"elementor-widget-container\">\n\t\t\t\t\t\t\t\t\tLe prix moyen pour les services r\u00e9sidentiels au Canada est de 369 $ par mois.\t\t\t\t\t\t\t\t<\/div>\n\t\t\t\t<\/div>\n\t\t\t\t<\/div>\n\t\t\t\t<\/div>\n\t\t\n<table>\n<tbody>\n<tr>\n<td><strong> Province<\/strong><\/td>\n<td><strong>\u00c9lectricit\u00e9<\/strong><\/td>\n<td><strong>Eau<\/strong><\/td>\n<td><strong>Gaz<\/strong><\/td>\n<td><strong>Internet\u00a0<\/strong><\/td>\n<td><strong>C\u00e2ble<\/strong><\/td>\n<td><strong>T\u00e9l\u00e9phone<\/strong><\/td>\n<td><strong>Co\u00fbt mensuel total<\/strong><\/td>\n<\/tr>\n<tr>\n<td><strong>Qu\u00e9bec<\/strong><\/td>\n<td><span style=\"font-weight: 400;\">242$<\/span><\/td>\n<td><span style=\"font-weight: 400;\">Inclus dans l\u2019hydro<\/span><\/td>\n<td><span style=\"font-weight: 400;\">85$\u00a0<\/span><\/td>\n<td><span style=\"font-weight: 400;\">69$\u00a0<\/span><\/td>\n<td><span style=\"font-weight: 400;\">33$<\/span><\/td>\n<td><span style=\"font-weight: 400;\">30.65$<\/span><\/td>\n<td><span style=\"font-weight: 400;\">374.65$\u00a0 <\/span><i><span style=\"font-weight: 400;\">(gaz non inclus)<\/span><\/i><\/td>\n<\/tr>\n<tr>\n<td><strong>Ontario<\/strong><\/td>\n<td><span style=\"font-weight: 400;\">92.95$<\/span><\/td>\n<td><span style=\"font-weight: 400;\">90.40$<\/span><\/td>\n<td><span style=\"font-weight: 400;\">221.89$<\/span><\/td>\n<td><span style=\"font-weight: 400;\">64$<\/span><\/td>\n<td><span style=\"font-weight: 400;\">36.33$<\/span><\/td>\n<td><span style=\"font-weight: 400;\">34.00$<\/span><\/td>\n<td><span style=\"font-weight: 400;\">317.68$ <\/span><i><span style=\"font-weight: 400;\">(gaz non inclus)<\/span><\/i><\/td>\n<\/tr>\n<tr>\n<td><strong>Alberta<\/strong><\/td>\n<td><span style=\"font-weight: 400;\">91.70$<\/span><\/td>\n<td><span style=\"font-weight: 400;\">71.88$<\/span><\/td>\n<td><span style=\"font-weight: 400;\">61.65$<\/span><\/td>\n<td><span style=\"font-weight: 400;\">74$<\/span><\/td>\n<td><span style=\"font-weight: 400;\">20.00$<\/span><\/td>\n<td><span style=\"font-weight: 400;\">23.47$<\/span><\/td>\n<td><span style=\"font-weight: 400;\">251$ <\/span><i><span style=\"font-weight: 400;\">(gaz non inclus)<\/span><\/i><\/td>\n<\/tr>\n<tr>\n<td><strong>Colombie-Britannique<\/strong><\/td>\n<td><span style=\"font-weight: 400;\">232.21$<\/span><\/td>\n<td><span style=\"font-weight: 400;\">244$<\/span><\/td>\n<td><span style=\"font-weight: 400;\">101.89$<\/span><\/td>\n<td><span style=\"font-weight: 400;\">75$<\/span><\/td>\n<td><span style=\"font-weight: 400;\">16.66$<\/span><\/td>\n<td><span style=\"font-weight: 400;\">21.31$<\/span><\/td>\n<td><span style=\"font-weight: 400;\">447.07$ <\/span><i><span style=\"font-weight: 400;\">(gaz non inclus)<\/span><\/i><\/td>\n<\/tr>\n<tr>\n<td><strong>Manitoba<\/strong><\/td>\n<td><span style=\"font-weight: 400;\">90.82$<\/span><\/td>\n<td><span style=\"font-weight: 400;\">73.90$<\/span><\/td>\n<td><span style=\"font-weight: 400;\">90.83$<\/span><\/td>\n<td><span style=\"font-weight: 400;\">67$<\/span><\/td>\n<td><span style=\"font-weight: 400;\">50$<\/span><\/td>\n<td><span style=\"font-weight: 400;\">47.85$<\/span><\/td>\n<td><span style=\"font-weight: 400;\">329.57$ <\/span><i><span style=\"font-weight: 400;\">(gaz non inclus)<\/span><\/i><\/td>\n<\/tr>\n<tr>\n<td><strong>Saskatchewan<\/strong><\/td>\n<td><span style=\"font-weight: 400;\">152.29$<\/span><\/td>\n<td><span style=\"font-weight: 400;\">100.36$<\/span><\/td>\n<td><span style=\"font-weight: 400;\">123.94$<\/span><\/td>\n<td><span style=\"font-weight: 400;\">69$<\/span><\/td>\n<td><span style=\"font-weight: 400;\">75$<\/span><\/td>\n<td><span style=\"font-weight: 400;\">25.21$<\/span><\/td>\n<td><span style=\"font-weight: 400;\">421.86$ <\/span><i><span style=\"font-weight: 400;\">(gaz non inclus)<\/span><\/i><\/td>\n<\/tr>\n<tr>\n<td><strong>\u00cele-du-Prince-\u00c9douard<\/strong><\/td>\n<td><span style=\"font-weight: 400;\">149.59$<\/span><\/td>\n<td><span style=\"font-weight: 400;\">105$<\/span><\/td>\n<td><span style=\"font-weight: 400;\">280$<\/span><\/td>\n<td><span style=\"font-weight: 400;\">72$<\/span><\/td>\n<td><span style=\"font-weight: 400;\">32.25$<\/span><\/td>\n<td><span style=\"font-weight: 400;\">23.31$<\/span><\/td>\n<td><span style=\"font-weight: 400;\">382.15$ <\/span><i><span style=\"font-weight: 400;\">(gaz non inclus)<\/span><\/i><\/td>\n<\/tr>\n<tr>\n<td><strong>Nouveau-Brunswick<\/strong><\/td>\n<td><span style=\"font-weight: 400;\">135.36$<\/span><\/td>\n<td><span style=\"font-weight: 400;\">100$<\/span><\/td>\n<td><span style=\"font-weight: 400;\">124$<\/span><\/td>\n<td><span style=\"font-weight: 400;\">70$<\/span><\/td>\n<td><span style=\"font-weight: 400;\">40$<\/span><\/td>\n<td><span style=\"font-weight: 400;\">23$<\/span><\/td>\n<td><span style=\"font-weight: 400;\">368.36$ <\/span><i><span style=\"font-weight: 400;\">(gaz non inclus)<\/span><\/i><\/td>\n<\/tr>\n<tr>\n<td><strong>Nouvelle-\u00c9cosse<\/strong><\/td>\n<td><span style=\"font-weight: 400;\">195$<\/span><\/td>\n<td><span style=\"font-weight: 400;\">108$<\/span><\/td>\n<td><span style=\"font-weight: 400;\">179$<\/span><\/td>\n<td><span style=\"font-weight: 400;\">71$<\/span><\/td>\n<td><span style=\"font-weight: 400;\">25$<\/span><\/td>\n<td><span style=\"font-weight: 400;\">21$<\/span><\/td>\n<td><span style=\"font-weight: 400;\">426.67$ <\/span><i><span style=\"font-weight: 400;\">(gaz non inclus)<\/span><\/i><\/td>\n<\/tr>\n<\/tbody>\n<\/table>\n<h2><strong>Conclusion<\/strong><\/h2>\n<p>Les co\u00fbts des services r\u00e9sidentiels au Qu\u00e9bec sont assez \u00e9lev\u00e9s, mais conna\u00eetre ceux-ci ainsi que leur fonctionnement peut vous aider \u00e0 \u00e9conomiser \u00e0 long terme. Vous d\u00e9m\u00e9nagez bient\u00f4t? <a href=\"https:\/\/www.movingwaldo.com\/fr\/fournisseurs-internet-et-television\/5-meilleurs-fournisseurs-internet-a-montreal\/\">Voici les meilleurs fournisseurs de services r\u00e9sidentiels au Qu\u00e9bec<\/a>.<\/p>\n","protected":false},"excerpt":{"rendered":"<p>D\u00e9couvrez les prix moyens des services r\u00e9sidentiels au Qu\u00e9bec en 2024.<\/p>\n","protected":false},"author":26,"featured_media":1185451,"comment_status":"closed","ping_status":"open","sticky":false,"template":[],"format":"standard","meta":{"_acf_changed":false,"footnotes":""},"categories":[3567],"tags":[],"related_content":[],"location":[3323,3570],"country":[3259],"region":[3278],"city":[],"class_list":["post-1321505","post","type-post","status-publish","format-standard","has-post-thumbnail","hentry","category-ou-demenager","location-canada","location-quebec-fr","country-canada","region-quebec"],"acf":{"company_information":null},"yoast_head":"<!-- This site is optimized with the Yoast SEO plugin v27.1.1 - https:\/\/yoast.com\/product\/yoast-seo-wordpress\/ -->\n<title>Services r\u00e9sidentiels au Qu\u00e9bec: Quel est le prix moyen de l\u2019hydro, le gaz, l\u2019internet, le c\u00e2ble tv et le t\u00e9l\u00e9phone r\u00e9sidentiel (2026)?<\/title>\n<meta name=\"description\" content=\"D\u00e9couvrez les prix moyens des services r\u00e9sidentiels au Qu\u00e9bec en 2026.\" \/>\n<meta name=\"robots\" content=\"index, follow, max-snippet:-1, max-image-preview:large, max-video-preview:-1\" \/>\n<link rel=\"canonical\" href=\"https:\/\/www.prod23.movingwaldo.com\/fr\/ou-demenager\/services-residentiels-quebec-prix-moyen\/\" \/>\n<meta property=\"og:locale\" content=\"fr_FR\" \/>\n<meta property=\"og:type\" content=\"article\" \/>\n<meta property=\"og:title\" content=\"Services r\u00e9sidentiels au Qu\u00e9bec: Quel est le prix moyen de l\u2019hydro, le gaz, l\u2019internet, le c\u00e2ble tv et le t\u00e9l\u00e9phone r\u00e9sidentiel (2026)?\" \/>\n<meta property=\"og:description\" content=\"D\u00e9couvrez les prix moyens des services r\u00e9sidentiels au Qu\u00e9bec en 2026.\" \/>\n<meta property=\"og:url\" content=\"https:\/\/www.prod23.movingwaldo.com\/fr\/ou-demenager\/services-residentiels-quebec-prix-moyen\/\" \/>\n<meta property=\"og:site_name\" content=\"MovingWaldo\" \/>\n<meta property=\"article:publisher\" content=\"https:\/\/www.facebook.com\/movingwaldo\" \/>\n<meta property=\"article:published_time\" content=\"2025-04-03T18:50:04+00:00\" \/>\n<meta property=\"article:modified_time\" content=\"2025-12-31T21:22:31+00:00\" \/>\n<meta property=\"og:image\" content=\"https:\/\/www.prod23.movingwaldo.com\/wp-content\/uploads\/2021\/09\/pexels-yan-krukov-6209279-1-scaled.jpg\" \/>\n\t<meta property=\"og:image:width\" content=\"2560\" \/>\n\t<meta property=\"og:image:height\" content=\"1707\" \/>\n\t<meta property=\"og:image:type\" content=\"image\/jpeg\" \/>\n<meta name=\"author\" content=\"Alexa Polichronis\" \/>\n<meta name=\"twitter:label1\" content=\"\u00c9crit par\" \/>\n\t<meta name=\"twitter:data1\" content=\"Alexa Polichronis\" \/>\n\t<meta name=\"twitter:label2\" content=\"Dur\u00e9e de lecture estim\u00e9e\" \/>\n\t<meta name=\"twitter:data2\" content=\"10 minutes\" \/>\n<!-- \/ Yoast SEO plugin. -->","yoast_head_json":{"title":"Services r\u00e9sidentiels au Qu\u00e9bec: Quel est le prix moyen de l\u2019hydro, le gaz, l\u2019internet, le c\u00e2ble tv et le t\u00e9l\u00e9phone r\u00e9sidentiel (2026)?","description":"D\u00e9couvrez les prix moyens des services r\u00e9sidentiels au Qu\u00e9bec en 2026.","robots":{"index":"index","follow":"follow","max-snippet":"max-snippet:-1","max-image-preview":"max-image-preview:large","max-video-preview":"max-video-preview:-1"},"canonical":"https:\/\/www.prod23.movingwaldo.com\/fr\/ou-demenager\/services-residentiels-quebec-prix-moyen\/","og_locale":"fr_FR","og_type":"article","og_title":"Services r\u00e9sidentiels au Qu\u00e9bec: Quel est le prix moyen de l\u2019hydro, le gaz, l\u2019internet, le c\u00e2ble tv et le t\u00e9l\u00e9phone r\u00e9sidentiel (2026)?","og_description":"D\u00e9couvrez les prix moyens des services r\u00e9sidentiels au Qu\u00e9bec en 2026.","og_url":"https:\/\/www.prod23.movingwaldo.com\/fr\/ou-demenager\/services-residentiels-quebec-prix-moyen\/","og_site_name":"MovingWaldo","article_publisher":"https:\/\/www.facebook.com\/movingwaldo","article_published_time":"2025-04-03T18:50:04+00:00","article_modified_time":"2025-12-31T21:22:31+00:00","og_image":[{"width":2560,"height":1707,"url":"https:\/\/www.prod23.movingwaldo.com\/wp-content\/uploads\/2021\/09\/pexels-yan-krukov-6209279-1-scaled.jpg","type":"image\/jpeg"}],"author":"Alexa Polichronis","twitter_misc":{"\u00c9crit par":"Alexa Polichronis","Dur\u00e9e de lecture estim\u00e9e":"10 minutes"},"schema":{"@context":"https:\/\/schema.org","@graph":[{"@type":"Article","@id":"https:\/\/www.prod23.movingwaldo.com\/fr\/ou-demenager\/services-residentiels-quebec-prix-moyen\/#article","isPartOf":{"@id":"https:\/\/www.prod23.movingwaldo.com\/fr\/ou-demenager\/services-residentiels-quebec-prix-moyen\/"},"author":{"name":"Alexa Polichronis","@id":"https:\/\/www.prod23.movingwaldo.com\/fr\/#\/schema\/person\/5d5acef00ac0f150275ab2a1a1485b7c"},"headline":"Services r\u00e9sidentiels au Qu\u00e9bec: Quel est le prix moyen de l\u2019hydro, le gaz, l\u2019internet, le c\u00e2ble tv et le t\u00e9l\u00e9phone r\u00e9sidentiel (2025)?","datePublished":"2025-04-03T18:50:04+00:00","dateModified":"2025-12-31T21:22:31+00:00","mainEntityOfPage":{"@id":"https:\/\/www.prod23.movingwaldo.com\/fr\/ou-demenager\/services-residentiels-quebec-prix-moyen\/"},"wordCount":2060,"publisher":{"@id":"https:\/\/www.prod23.movingwaldo.com\/fr\/#organization"},"image":{"@id":"https:\/\/www.prod23.movingwaldo.com\/fr\/ou-demenager\/services-residentiels-quebec-prix-moyen\/#primaryimage"},"thumbnailUrl":"https:\/\/www.prod23.movingwaldo.com\/wp-content\/uploads\/2021\/09\/pexels-yan-krukov-6209279-1-scaled.jpg","articleSection":["O\u00f9 d\u00e9m\u00e9nager?"],"inLanguage":"fr-FR"},{"@type":"WebPage","@id":"https:\/\/www.prod23.movingwaldo.com\/fr\/ou-demenager\/services-residentiels-quebec-prix-moyen\/","url":"https:\/\/www.prod23.movingwaldo.com\/fr\/ou-demenager\/services-residentiels-quebec-prix-moyen\/","name":"Services r\u00e9sidentiels au Qu\u00e9bec: Quel est le prix moyen de l\u2019hydro, le gaz, l\u2019internet, le c\u00e2ble tv et le t\u00e9l\u00e9phone r\u00e9sidentiel (2026)?","isPartOf":{"@id":"https:\/\/www.prod23.movingwaldo.com\/fr\/#website"},"primaryImageOfPage":{"@id":"https:\/\/www.prod23.movingwaldo.com\/fr\/ou-demenager\/services-residentiels-quebec-prix-moyen\/#primaryimage"},"image":{"@id":"https:\/\/www.prod23.movingwaldo.com\/fr\/ou-demenager\/services-residentiels-quebec-prix-moyen\/#primaryimage"},"thumbnailUrl":"https:\/\/www.prod23.movingwaldo.com\/wp-content\/uploads\/2021\/09\/pexels-yan-krukov-6209279-1-scaled.jpg","datePublished":"2025-04-03T18:50:04+00:00","dateModified":"2025-12-31T21:22:31+00:00","description":"D\u00e9couvrez les prix moyens des services r\u00e9sidentiels au Qu\u00e9bec en 2026.","breadcrumb":{"@id":"https:\/\/www.prod23.movingwaldo.com\/fr\/ou-demenager\/services-residentiels-quebec-prix-moyen\/#breadcrumb"},"inLanguage":"fr-FR","potentialAction":[{"@type":"ReadAction","target":["https:\/\/www.prod23.movingwaldo.com\/fr\/ou-demenager\/services-residentiels-quebec-prix-moyen\/"]}]},{"@type":"ImageObject","inLanguage":"fr-FR","@id":"https:\/\/www.prod23.movingwaldo.com\/fr\/ou-demenager\/services-residentiels-quebec-prix-moyen\/#primaryimage","url":"https:\/\/www.prod23.movingwaldo.com\/wp-content\/uploads\/2021\/09\/pexels-yan-krukov-6209279-1-scaled.jpg","contentUrl":"https:\/\/www.prod23.movingwaldo.com\/wp-content\/uploads\/2021\/09\/pexels-yan-krukov-6209279-1-scaled.jpg","width":2560,"height":1707,"caption":"Cost of living -"},{"@type":"BreadcrumbList","@id":"https:\/\/www.prod23.movingwaldo.com\/fr\/ou-demenager\/services-residentiels-quebec-prix-moyen\/#breadcrumb","itemListElement":[{"@type":"ListItem","position":1,"name":"Accueil","item":"https:\/\/www.prod23.movingwaldo.com\/fr\/"},{"@type":"ListItem","position":2,"name":"O\u00f9 d\u00e9m\u00e9nager?","item":"https:\/\/www.prod23.movingwaldo.com\/fr\/ou-demenager\/"},{"@type":"ListItem","position":3,"name":"Services r\u00e9sidentiels au Qu\u00e9bec: Quel est le prix moyen de l\u2019hydro, le gaz, l\u2019internet, le c\u00e2ble tv et le t\u00e9l\u00e9phone r\u00e9sidentiel (2025)?"}]},{"@type":"WebSite","@id":"https:\/\/www.prod23.movingwaldo.com\/fr\/#website","url":"https:\/\/www.prod23.movingwaldo.com\/fr\/","name":"MovingWaldo","description":"","publisher":{"@id":"https:\/\/www.prod23.movingwaldo.com\/fr\/#organization"},"potentialAction":[{"@type":"SearchAction","target":{"@type":"EntryPoint","urlTemplate":"https:\/\/www.prod23.movingwaldo.com\/fr\/?s={search_term_string}"},"query-input":{"@type":"PropertyValueSpecification","valueRequired":true,"valueName":"search_term_string"}}],"inLanguage":"fr-FR"},{"@type":"Organization","@id":"https:\/\/www.prod23.movingwaldo.com\/fr\/#organization","name":"MovingWaldo","url":"https:\/\/www.prod23.movingwaldo.com\/fr\/","logo":{"@type":"ImageObject","inLanguage":"fr-FR","@id":"https:\/\/www.prod23.movingwaldo.com\/fr\/#\/schema\/logo\/image\/","url":"https:\/\/www.prod23.movingwaldo.com\/wp-content\/uploads\/2018\/02\/movingwaldo-logo_GV-2.svg","contentUrl":"https:\/\/www.prod23.movingwaldo.com\/wp-content\/uploads\/2018\/02\/movingwaldo-logo_GV-2.svg","width":190,"height":37,"caption":"MovingWaldo"},"image":{"@id":"https:\/\/www.prod23.movingwaldo.com\/fr\/#\/schema\/logo\/image\/"},"sameAs":["https:\/\/www.facebook.com\/movingwaldo","https:\/\/x.com\/MovingWaldo","https:\/\/www.youtube.com\/channel\/UCfO3fLsqLsUy8MUPCbc0Uzw"]},{"@type":"Person","@id":"https:\/\/www.prod23.movingwaldo.com\/fr\/#\/schema\/person\/5d5acef00ac0f150275ab2a1a1485b7c","name":"Alexa Polichronis","image":{"@type":"ImageObject","inLanguage":"fr-FR","@id":"https:\/\/www.prod23.movingwaldo.com\/fr\/#\/schema\/person\/image\/","url":"https:\/\/www.prod23.movingwaldo.com\/wp-content\/uploads\/2024\/08\/alexa-official-author-box-picture-1-150x150.webp","contentUrl":"https:\/\/www.prod23.movingwaldo.com\/wp-content\/uploads\/2024\/08\/alexa-official-author-box-picture-1-150x150.webp","caption":"Alexa Polichronis"},"description":"Meet Alexa, the Marketing Coordinator at MovingWaldo. Having acquired a wealth of knowledge over the years about the moving industry, Alexa knows all the tips and tricks to make your move a breeze. Equipped with creativity and a passion for efficiency (and a love for travel), she's here to present information in the most effective way, ensuring you save time and money."}]}},"_links":{"self":[{"href":"https:\/\/www.prod23.movingwaldo.com\/fr\/wp-json\/wp\/v2\/posts\/1321505","targetHints":{"allow":["GET"]}}],"collection":[{"href":"https:\/\/www.prod23.movingwaldo.com\/fr\/wp-json\/wp\/v2\/posts"}],"about":[{"href":"https:\/\/www.prod23.movingwaldo.com\/fr\/wp-json\/wp\/v2\/types\/post"}],"author":[{"embeddable":true,"href":"https:\/\/www.prod23.movingwaldo.com\/fr\/wp-json\/wp\/v2\/users\/26"}],"replies":[{"embeddable":true,"href":"https:\/\/www.prod23.movingwaldo.com\/fr\/wp-json\/wp\/v2\/comments?post=1321505"}],"version-history":[{"count":0,"href":"https:\/\/www.prod23.movingwaldo.com\/fr\/wp-json\/wp\/v2\/posts\/1321505\/revisions"}],"wp:featuredmedia":[{"embeddable":true,"href":"https:\/\/www.prod23.movingwaldo.com\/fr\/wp-json\/wp\/v2\/media\/1185451"}],"wp:attachment":[{"href":"https:\/\/www.prod23.movingwaldo.com\/fr\/wp-json\/wp\/v2\/media?parent=1321505"}],"wp:term":[{"taxonomy":"category","embeddable":true,"href":"https:\/\/www.prod23.movingwaldo.com\/fr\/wp-json\/wp\/v2\/categories?post=1321505"},{"taxonomy":"post_tag","embeddable":true,"href":"https:\/\/www.prod23.movingwaldo.com\/fr\/wp-json\/wp\/v2\/tags?post=1321505"},{"taxonomy":"related_content","embeddable":true,"href":"https:\/\/www.prod23.movingwaldo.com\/fr\/wp-json\/wp\/v2\/related_content?post=1321505"},{"taxonomy":"location","embeddable":true,"href":"https:\/\/www.prod23.movingwaldo.com\/fr\/wp-json\/wp\/v2\/location?post=1321505"},{"taxonomy":"template","embeddable":true,"href":"https:\/\/www.prod23.movingwaldo.com\/fr\/wp-json\/wp\/v2\/template?post=1321505"},{"taxonomy":"country","embeddable":true,"href":"https:\/\/www.prod23.movingwaldo.com\/fr\/wp-json\/wp\/v2\/country?post=1321505"},{"taxonomy":"region","embeddable":true,"href":"https:\/\/www.prod23.movingwaldo.com\/fr\/wp-json\/wp\/v2\/region?post=1321505"},{"taxonomy":"city","embeddable":true,"href":"https:\/\/www.prod23.movingwaldo.com\/fr\/wp-json\/wp\/v2\/city?post=1321505"}],"curies":[{"name":"wp","href":"https:\/\/api.w.org\/{rel}","templated":true}]}}