{"id":1315811,"date":"2025-10-16T12:34:00","date_gmt":"2025-10-16T16:34:00","guid":{"rendered":"https:\/\/movingwaldo.com\/demenager-a-laval-quel-quartier-vivre\/"},"modified":"2025-12-31T16:21:22","modified_gmt":"2025-12-31T21:21:22","slug":"demenager-a-laval-quel-quartier-vivre","status":"publish","type":"post","link":"https:\/\/www.prod23.movingwaldo.com\/fr\/ou-demenager\/demenager-a-laval-quel-quartier-vivre\/","title":{"rendered":"Quartiers: D\u00e9m\u00e9nager \u00e0 Laval \u2014 Quel quartier vivre\u2009?"},"content":{"rendered":"<p>D\u00e9m\u00e9nagez-vous encore une fois\u00a0? Avez-vous compl\u00e9t\u00e9 la liste ultime pour le d\u00e9m\u00e9nagement\u2009? F\u00e9licitations ! Vous pouvez vous reposer pour une journ\u00e9e pendant que vous regardez les avantages possibles de d\u00e9m\u00e9nager \u00e0 votre lieu de choix : Laval. Quoi ne pas aimer de Laval? C\u2019est une ville canadienne au sud-ouest du Qu\u00e9bec, au nord de Montr\u00e9al.<\/p>\n<section data-id=\"e4bd7bb\" data-element_type=\"section\" data-settings=\"{&quot;jet_parallax_layout_list&quot;:[]}\">\n<div data-id=\"8363153\" data-element_type=\"column\" data-settings=\"{&quot;background_background&quot;:&quot;classic&quot;}\">\n<div data-id=\"9545970\" data-element_type=\"widget\" data-widget_type=\"text-editor.default\">\n<div>\n<p><strong>D\u00e9couvrez nos classements des meilleurs d\u00e9m\u00e9nageurs au Qu\u00e9bec :<\/strong><\/p>\n<\/div>\n<\/div>\n<div data-id=\"0096720\" data-element_type=\"widget\" data-widget_type=\"text-editor.default\">\n<div>\n<ul>\n<li><a href=\"https:\/\/movingwaldo.com\/fr\/les-5-meilleurs-demenageurs-a-montreal\/\">Les meilleures compagnies de d\u00e9m\u00e9nagement \u00e0 Montr\u00e9al<\/a><\/li>\n<li><a href=\"https:\/\/movingwaldo.com\/fr\/demenageurs\/5-meilleures-compagnies-de-demenagement-a-laval-et-sur-la-rive-nord\/\">Les meilleures compagnies de d\u00e9m\u00e9nagement \u00e0 Laval<\/a><\/li>\n<li><a href=\"https:\/\/movingwaldo.com\/fr\/demenageurs\/5-compagnies-de-demenagement-de-confiance-a-quebec-et-a-levis\/\">Les meilleures compagnies de d\u00e9m\u00e9nagement \u00e0 Qu\u00e9bec et L\u00e9vis<\/a><\/li>\n<li><a href=\"https:\/\/movingwaldo.com\/fr\/demenageurs\/5-meilleures-compagnies-de-demenagement-a-sherbrooke-et-dans-les-canton-de-lest\/\">Les meilleurs compagnies de d\u00e9m\u00e9nagement \u00e0 Sherbrooke<\/a><\/li>\n<\/ul>\n<\/div>\n<\/div>\n<\/div>\n<\/section>\n<div data-id=\"9753760\" data-element_type=\"widget\" data-widget_type=\"text-editor.default\">\n<div>\n<p>La ville de Laval date de 1965 et a une population actuelle d\u2019environ <a href=\"https:\/\/www.economie.gouv.qc.ca\/pages-regionales\/laval\/portrait-regional\/demographie\">460 396 personnes<\/a>. La croissance rapide de la population a apport\u00e9 une \u00e9norme croissance industrielle \u00e0 travers les ann\u00e9es.<\/p>\n<p>Laval offre les plus formidables exp\u00e9riences sans avoir \u00e0 voyager de longues distances. Elle offre des activit\u00e9s uniques et des points d\u2019int\u00e9r\u00eats pour les amateurs de sensations fortes aussi bien que pour les amoureux de la culture. Mais, avant d\u2019explorer les diff\u00e9rentes attractions, vous devez choisir un quartier dans lequel vivre.<\/p>\n<\/div>\n<\/div>\n","protected":false},"excerpt":{"rendered":"<p>D\u00e9m\u00e9nagez-vous encore une fois\u00a0? Avez-vous compl\u00e9t\u00e9 la liste ultime pour le d\u00e9m\u00e9nagement\u2009? F\u00e9licitations ! Vous pouvez vous reposer pour une journ\u00e9e pendant que vous regardez les avantages possibles de d\u00e9m\u00e9nager \u00e0 votre lieu de choix : Laval. Quoi ne pas aimer de Laval? C\u2019est une ville canadienne au sud-ouest du Qu\u00e9bec, au nord de Montr\u00e9al. [&hellip;]<\/p>\n","protected":false},"author":39,"featured_media":1310513,"comment_status":"open","ping_status":"open","sticky":false,"template":[],"format":"standard","meta":{"_acf_changed":true,"footnotes":""},"categories":[3567],"tags":[5030,3824],"related_content":[],"location":[3323,3758,3570],"country":[],"region":[],"city":[],"class_list":["post-1315811","post","type-post","status-publish","format-standard","has-post-thumbnail","hentry","category-ou-demenager","tag-classement","tag-etudes","location-canada","location-laval-fr","location-quebec-fr"],"acf":{"company_information":null},"yoast_head":"<!-- This site is optimized with the Yoast SEO plugin v27.1.1 - https:\/\/yoast.com\/product\/yoast-seo-wordpress\/ -->\n<title>D\u00e9m\u00e9nager \u00e0 Laval \u2014 Quel quartier vivre\u2009? - 2026<\/title>\n<meta name=\"description\" content=\"D\u00e9couvrez les top quartiers: D\u00e9m\u00e9nager \u00e0 Laval \u2014 Quel quartier vivre\u2009avec la meilleure qualit\u00e9 de vie cette ann\u00e9e.\" \/>\n<meta name=\"robots\" content=\"index, follow, max-snippet:-1, max-image-preview:large, max-video-preview:-1\" \/>\n<link rel=\"canonical\" href=\"https:\/\/www.prod23.movingwaldo.com\/fr\/ou-demenager\/demenager-a-laval-quel-quartier-vivre\/\" \/>\n<meta property=\"og:locale\" content=\"fr_FR\" \/>\n<meta property=\"og:type\" content=\"article\" \/>\n<meta property=\"og:title\" content=\"D\u00e9m\u00e9nager \u00e0 Laval \u2014 Quel quartier vivre\u2009? - 2026\" \/>\n<meta property=\"og:description\" content=\"D\u00e9couvrez les top quartiers: D\u00e9m\u00e9nager \u00e0 Laval \u2014 Quel quartier vivre\u2009avec la meilleure qualit\u00e9 de vie cette ann\u00e9e.\" \/>\n<meta property=\"og:url\" content=\"https:\/\/www.prod23.movingwaldo.com\/fr\/ou-demenager\/demenager-a-laval-quel-quartier-vivre\/\" \/>\n<meta property=\"og:site_name\" content=\"MovingWaldo\" \/>\n<meta property=\"article:publisher\" content=\"https:\/\/www.facebook.com\/movingwaldo\" \/>\n<meta property=\"article:published_time\" content=\"2025-10-16T16:34:00+00:00\" \/>\n<meta property=\"article:modified_time\" content=\"2025-12-31T21:21:22+00:00\" \/>\n<meta property=\"og:image\" content=\"https:\/\/www.prod23.movingwaldo.com\/wp-content\/uploads\/2024\/02\/Laval-1024x682.png\" \/>\n\t<meta property=\"og:image:width\" content=\"1024\" \/>\n\t<meta property=\"og:image:height\" content=\"682\" \/>\n\t<meta property=\"og:image:type\" content=\"image\/png\" \/>\n<meta name=\"author\" content=\"Selina Cifelli\" \/>\n<meta name=\"twitter:label1\" content=\"\u00c9crit par\" \/>\n\t<meta name=\"twitter:data1\" content=\"Selina Cifelli\" \/>\n\t<meta name=\"twitter:label2\" content=\"Dur\u00e9e de lecture estim\u00e9e\" \/>\n\t<meta name=\"twitter:data2\" content=\"1 minute\" \/>\n<!-- \/ Yoast SEO plugin. -->","yoast_head_json":{"title":"D\u00e9m\u00e9nager \u00e0 Laval \u2014 Quel quartier vivre\u2009? - 2026","description":"D\u00e9couvrez les top quartiers: D\u00e9m\u00e9nager \u00e0 Laval \u2014 Quel quartier vivre\u2009avec la meilleure qualit\u00e9 de vie cette ann\u00e9e.","robots":{"index":"index","follow":"follow","max-snippet":"max-snippet:-1","max-image-preview":"max-image-preview:large","max-video-preview":"max-video-preview:-1"},"canonical":"https:\/\/www.prod23.movingwaldo.com\/fr\/ou-demenager\/demenager-a-laval-quel-quartier-vivre\/","og_locale":"fr_FR","og_type":"article","og_title":"D\u00e9m\u00e9nager \u00e0 Laval \u2014 Quel quartier vivre\u2009? - 2026","og_description":"D\u00e9couvrez les top quartiers: D\u00e9m\u00e9nager \u00e0 Laval \u2014 Quel quartier vivre\u2009avec la meilleure qualit\u00e9 de vie cette ann\u00e9e.","og_url":"https:\/\/www.prod23.movingwaldo.com\/fr\/ou-demenager\/demenager-a-laval-quel-quartier-vivre\/","og_site_name":"MovingWaldo","article_publisher":"https:\/\/www.facebook.com\/movingwaldo","article_published_time":"2025-10-16T16:34:00+00:00","article_modified_time":"2025-12-31T21:21:22+00:00","og_image":[{"width":1024,"height":682,"url":"https:\/\/www.prod23.movingwaldo.com\/wp-content\/uploads\/2024\/02\/Laval-1024x682.png","type":"image\/png"}],"author":"Selina Cifelli","twitter_misc":{"\u00c9crit par":"Selina Cifelli","Dur\u00e9e de lecture estim\u00e9e":"1 minute"},"schema":{"@context":"https:\/\/schema.org","@graph":[{"@type":"Article","@id":"https:\/\/www.prod23.movingwaldo.com\/fr\/ou-demenager\/demenager-a-laval-quel-quartier-vivre\/#article","isPartOf":{"@id":"https:\/\/www.prod23.movingwaldo.com\/fr\/ou-demenager\/demenager-a-laval-quel-quartier-vivre\/"},"author":{"name":"Selina Cifelli","@id":"https:\/\/www.prod23.movingwaldo.com\/fr\/#\/schema\/person\/5783c659906e1f05dab91851f9cacd50"},"headline":"Quartiers: D\u00e9m\u00e9nager \u00e0 Laval \u2014 Quel quartier vivre\u2009?","datePublished":"2025-10-16T16:34:00+00:00","dateModified":"2025-12-31T21:21:22+00:00","mainEntityOfPage":{"@id":"https:\/\/www.prod23.movingwaldo.com\/fr\/ou-demenager\/demenager-a-laval-quel-quartier-vivre\/"},"wordCount":208,"commentCount":0,"publisher":{"@id":"https:\/\/www.prod23.movingwaldo.com\/fr\/#organization"},"image":{"@id":"https:\/\/www.prod23.movingwaldo.com\/fr\/ou-demenager\/demenager-a-laval-quel-quartier-vivre\/#primaryimage"},"thumbnailUrl":"https:\/\/www.prod23.movingwaldo.com\/wp-content\/uploads\/2024\/02\/Laval.png","keywords":["Classement","\u00c9tudes"],"articleSection":["O\u00f9 d\u00e9m\u00e9nager?"],"inLanguage":"fr-FR","potentialAction":[{"@type":"CommentAction","name":"Comment","target":["https:\/\/www.prod23.movingwaldo.com\/fr\/ou-demenager\/demenager-a-laval-quel-quartier-vivre\/#respond"]}]},{"@type":"WebPage","@id":"https:\/\/www.prod23.movingwaldo.com\/fr\/ou-demenager\/demenager-a-laval-quel-quartier-vivre\/","url":"https:\/\/www.prod23.movingwaldo.com\/fr\/ou-demenager\/demenager-a-laval-quel-quartier-vivre\/","name":"D\u00e9m\u00e9nager \u00e0 Laval \u2014 Quel quartier vivre\u2009? - 2026","isPartOf":{"@id":"https:\/\/www.prod23.movingwaldo.com\/fr\/#website"},"primaryImageOfPage":{"@id":"https:\/\/www.prod23.movingwaldo.com\/fr\/ou-demenager\/demenager-a-laval-quel-quartier-vivre\/#primaryimage"},"image":{"@id":"https:\/\/www.prod23.movingwaldo.com\/fr\/ou-demenager\/demenager-a-laval-quel-quartier-vivre\/#primaryimage"},"thumbnailUrl":"https:\/\/www.prod23.movingwaldo.com\/wp-content\/uploads\/2024\/02\/Laval.png","datePublished":"2025-10-16T16:34:00+00:00","dateModified":"2025-12-31T21:21:22+00:00","description":"D\u00e9couvrez les top quartiers: D\u00e9m\u00e9nager \u00e0 Laval \u2014 Quel quartier vivre\u2009avec la meilleure qualit\u00e9 de vie cette ann\u00e9e.","breadcrumb":{"@id":"https:\/\/www.prod23.movingwaldo.com\/fr\/ou-demenager\/demenager-a-laval-quel-quartier-vivre\/#breadcrumb"},"inLanguage":"fr-FR","potentialAction":[{"@type":"ReadAction","target":["https:\/\/www.prod23.movingwaldo.com\/fr\/ou-demenager\/demenager-a-laval-quel-quartier-vivre\/"]}]},{"@type":"ImageObject","inLanguage":"fr-FR","@id":"https:\/\/www.prod23.movingwaldo.com\/fr\/ou-demenager\/demenager-a-laval-quel-quartier-vivre\/#primaryimage","url":"https:\/\/www.prod23.movingwaldo.com\/wp-content\/uploads\/2024\/02\/Laval.png","contentUrl":"https:\/\/www.prod23.movingwaldo.com\/wp-content\/uploads\/2024\/02\/Laval.png","width":1880,"height":1253,"caption":"Quartiers: D\u00e9m\u00e9nager \u00e0 Laval \u2014 Quel quartier vivre\u2009? Laval"},{"@type":"BreadcrumbList","@id":"https:\/\/www.prod23.movingwaldo.com\/fr\/ou-demenager\/demenager-a-laval-quel-quartier-vivre\/#breadcrumb","itemListElement":[{"@type":"ListItem","position":1,"name":"Accueil","item":"https:\/\/www.prod23.movingwaldo.com\/fr\/"},{"@type":"ListItem","position":2,"name":"O\u00f9 d\u00e9m\u00e9nager?","item":"https:\/\/www.prod23.movingwaldo.com\/fr\/ou-demenager\/"},{"@type":"ListItem","position":3,"name":"Quartiers: D\u00e9m\u00e9nager \u00e0 Laval \u2014 Quel quartier vivre\u2009?"}]},{"@type":"WebSite","@id":"https:\/\/www.prod23.movingwaldo.com\/fr\/#website","url":"https:\/\/www.prod23.movingwaldo.com\/fr\/","name":"MovingWaldo","description":"","publisher":{"@id":"https:\/\/www.prod23.movingwaldo.com\/fr\/#organization"},"potentialAction":[{"@type":"SearchAction","target":{"@type":"EntryPoint","urlTemplate":"https:\/\/www.prod23.movingwaldo.com\/fr\/?s={search_term_string}"},"query-input":{"@type":"PropertyValueSpecification","valueRequired":true,"valueName":"search_term_string"}}],"inLanguage":"fr-FR"},{"@type":"Organization","@id":"https:\/\/www.prod23.movingwaldo.com\/fr\/#organization","name":"MovingWaldo","url":"https:\/\/www.prod23.movingwaldo.com\/fr\/","logo":{"@type":"ImageObject","inLanguage":"fr-FR","@id":"https:\/\/www.prod23.movingwaldo.com\/fr\/#\/schema\/logo\/image\/","url":"https:\/\/www.prod23.movingwaldo.com\/wp-content\/uploads\/2018\/02\/movingwaldo-logo_GV-2.svg","contentUrl":"https:\/\/www.prod23.movingwaldo.com\/wp-content\/uploads\/2018\/02\/movingwaldo-logo_GV-2.svg","width":190,"height":37,"caption":"MovingWaldo"},"image":{"@id":"https:\/\/www.prod23.movingwaldo.com\/fr\/#\/schema\/logo\/image\/"},"sameAs":["https:\/\/www.facebook.com\/movingwaldo","https:\/\/x.com\/MovingWaldo","https:\/\/www.youtube.com\/channel\/UCfO3fLsqLsUy8MUPCbc0Uzw"]},{"@type":"Person","@id":"https:\/\/www.prod23.movingwaldo.com\/fr\/#\/schema\/person\/5783c659906e1f05dab91851f9cacd50","name":"Selina Cifelli","image":{"@type":"ImageObject","inLanguage":"fr-FR","@id":"https:\/\/www.prod23.movingwaldo.com\/fr\/#\/schema\/person\/image\/","url":"https:\/\/www.prod23.movingwaldo.com\/wp-content\/uploads\/2024\/02\/Selina-150x150.jpg","contentUrl":"https:\/\/www.prod23.movingwaldo.com\/wp-content\/uploads\/2024\/02\/Selina-150x150.jpg","caption":"Selina Cifelli"},"description":"Selina is a motivated marketing intern with a passion for creating engaging content about moving experiences and urban living. With a strong interest in fashion and travel, she brings a fresh perspective to our readers. Her talent for writing innovative content effectively positions MovingWaldo as a trusted resource for simple and efficient moves."}]}},"_links":{"self":[{"href":"https:\/\/www.prod23.movingwaldo.com\/fr\/wp-json\/wp\/v2\/posts\/1315811","targetHints":{"allow":["GET"]}}],"collection":[{"href":"https:\/\/www.prod23.movingwaldo.com\/fr\/wp-json\/wp\/v2\/posts"}],"about":[{"href":"https:\/\/www.prod23.movingwaldo.com\/fr\/wp-json\/wp\/v2\/types\/post"}],"author":[{"embeddable":true,"href":"https:\/\/www.prod23.movingwaldo.com\/fr\/wp-json\/wp\/v2\/users\/39"}],"replies":[{"embeddable":true,"href":"https:\/\/www.prod23.movingwaldo.com\/fr\/wp-json\/wp\/v2\/comments?post=1315811"}],"version-history":[{"count":0,"href":"https:\/\/www.prod23.movingwaldo.com\/fr\/wp-json\/wp\/v2\/posts\/1315811\/revisions"}],"wp:featuredmedia":[{"embeddable":true,"href":"https:\/\/www.prod23.movingwaldo.com\/fr\/wp-json\/wp\/v2\/media\/1310513"}],"wp:attachment":[{"href":"https:\/\/www.prod23.movingwaldo.com\/fr\/wp-json\/wp\/v2\/media?parent=1315811"}],"wp:term":[{"taxonomy":"category","embeddable":true,"href":"https:\/\/www.prod23.movingwaldo.com\/fr\/wp-json\/wp\/v2\/categories?post=1315811"},{"taxonomy":"post_tag","embeddable":true,"href":"https:\/\/www.prod23.movingwaldo.com\/fr\/wp-json\/wp\/v2\/tags?post=1315811"},{"taxonomy":"related_content","embeddable":true,"href":"https:\/\/www.prod23.movingwaldo.com\/fr\/wp-json\/wp\/v2\/related_content?post=1315811"},{"taxonomy":"location","embeddable":true,"href":"https:\/\/www.prod23.movingwaldo.com\/fr\/wp-json\/wp\/v2\/location?post=1315811"},{"taxonomy":"template","embeddable":true,"href":"https:\/\/www.prod23.movingwaldo.com\/fr\/wp-json\/wp\/v2\/template?post=1315811"},{"taxonomy":"country","embeddable":true,"href":"https:\/\/www.prod23.movingwaldo.com\/fr\/wp-json\/wp\/v2\/country?post=1315811"},{"taxonomy":"region","embeddable":true,"href":"https:\/\/www.prod23.movingwaldo.com\/fr\/wp-json\/wp\/v2\/region?post=1315811"},{"taxonomy":"city","embeddable":true,"href":"https:\/\/www.prod23.movingwaldo.com\/fr\/wp-json\/wp\/v2\/city?post=1315811"}],"curies":[{"name":"wp","href":"https:\/\/api.w.org\/{rel}","templated":true}]}}