{"id":1308805,"date":"2025-11-11T08:25:20","date_gmt":"2025-11-11T13:25:20","guid":{"rendered":"https:\/\/movingwaldo.com\/demenager-a-montreal-ou-devrais-je-vivre\/"},"modified":"2025-12-31T16:19:21","modified_gmt":"2025-12-31T21:19:21","slug":"demenager-a-montreal-ou-devrais-je-vivre","status":"publish","type":"post","link":"https:\/\/www.prod23.movingwaldo.com\/fr\/ou-demenager\/demenager-a-montreal-ou-devrais-je-vivre\/","title":{"rendered":"Quartiers: D\u00e9m\u00e9nager \u00e0 Montr\u00e9al \u2014 O\u00f9 devrais-je vivre? Montr\u00e9al"},"content":{"rendered":"<p><span style=\"font-weight: 400;\">Montr\u00e9al, qui abrite une population de plus de 4 millions de personnes, est reconnue pour ses \u00e9coles de qualit\u00e9, son faible taux de criminalit\u00e9, son style europ\u00e9en, ses festivals de musique, ses sentiers de randonn\u00e9e et sa culture culinaire diversifi\u00e9e. Avec plus de 19 arrondissements, Montr\u00e9al offre quelque chose pour tout le monde.<\/span><\/p>\n<p><span style=\"font-weight: 400;\">Avant de d\u00e9m\u00e9nager, il est conseill\u00e9 de se renseigner sur le <\/span><a href=\"https:\/\/www.prod23.movingwaldo.com\/fr\/astuces-demenagement\/quel-est-le-cout-de-la-vie-a-montreal\/\"><span style=\"font-weight: 400;\">co\u00fbt de la vie \u00e0 Montr\u00e9al<\/span><\/a><span style=\"font-weight: 400;\"> afin d&rsquo;avoir une meilleure id\u00e9e de votre futur chez-vous. Il est important de se poser certaines questions concernant le quartier et de l&rsquo;explorer pour prendre la bonne d\u00e9cision. Voici la liste des 7 meilleurs quartiers de Montr\u00e9al offrant la meilleure qualit\u00e9 de vie cette ann\u00e9e.<\/span><\/p>\n","protected":false},"excerpt":{"rendered":"<p>Montr\u00e9al, qui abrite une population de plus de 4 millions de personnes, est reconnue pour ses \u00e9coles de qualit\u00e9, son faible taux de criminalit\u00e9, son style europ\u00e9en, ses festivals de musique, ses sentiers de randonn\u00e9e et sa culture culinaire diversifi\u00e9e. Avec plus de 19 arrondissements, Montr\u00e9al offre quelque chose pour tout le monde. Avant de [&hellip;]<\/p>\n","protected":false},"author":39,"featured_media":1301965,"comment_status":"open","ping_status":"open","sticky":false,"template":[],"format":"standard","meta":{"_acf_changed":true,"footnotes":""},"categories":[3567],"tags":[5030,3824],"related_content":[],"location":[3323,3577,3570],"country":[],"region":[],"city":[],"class_list":["post-1308805","post","type-post","status-publish","format-standard","has-post-thumbnail","hentry","category-ou-demenager","tag-classement","tag-etudes","location-canada","location-montreal-fr","location-quebec-fr"],"acf":{"company_information":null},"yoast_head":"<!-- This site is optimized with the Yoast SEO plugin v27.1.1 - https:\/\/yoast.com\/product\/yoast-seo-wordpress\/ -->\n<title>D\u00e9m\u00e9nager \u00e0 Montr\u00e9al: O\u00f9 devrais-je vivre? \u2013 2026<\/title>\n<meta name=\"description\" content=\"D\u00e9couvrez les 7 Quartiers: D\u00e9m\u00e9nager \u00e0 Montr\u00e9al \u2014 O\u00f9 devrais-je vivre? Montr\u00e9al avec la meilleure qualit\u00e9 de vie cette ann\u00e9e.\" \/>\n<meta name=\"robots\" content=\"index, follow, max-snippet:-1, max-image-preview:large, max-video-preview:-1\" \/>\n<link rel=\"canonical\" href=\"https:\/\/www.prod23.movingwaldo.com\/fr\/ou-demenager\/demenager-a-montreal-ou-devrais-je-vivre\/\" \/>\n<meta property=\"og:locale\" content=\"fr_FR\" \/>\n<meta property=\"og:type\" content=\"article\" \/>\n<meta property=\"og:title\" content=\"D\u00e9m\u00e9nager \u00e0 Montr\u00e9al: O\u00f9 devrais-je vivre? \u2013 2026\" \/>\n<meta property=\"og:description\" content=\"D\u00e9couvrez les 7 Quartiers: D\u00e9m\u00e9nager \u00e0 Montr\u00e9al \u2014 O\u00f9 devrais-je vivre? Montr\u00e9al avec la meilleure qualit\u00e9 de vie cette ann\u00e9e.\" \/>\n<meta property=\"og:url\" content=\"https:\/\/www.prod23.movingwaldo.com\/fr\/ou-demenager\/demenager-a-montreal-ou-devrais-je-vivre\/\" \/>\n<meta property=\"og:site_name\" content=\"MovingWaldo\" \/>\n<meta property=\"article:publisher\" content=\"https:\/\/www.facebook.com\/movingwaldo\" \/>\n<meta property=\"article:published_time\" content=\"2025-11-11T13:25:20+00:00\" \/>\n<meta property=\"article:modified_time\" content=\"2025-12-31T21:19:21+00:00\" \/>\n<meta property=\"og:image\" content=\"https:\/\/www.prod23.movingwaldo.com\/wp-content\/uploads\/2024\/01\/moving-to-montreal-image-jan-2024.png\" \/>\n\t<meta property=\"og:image:width\" content=\"1024\" \/>\n\t<meta property=\"og:image:height\" content=\"683\" \/>\n\t<meta property=\"og:image:type\" content=\"image\/png\" \/>\n<meta name=\"author\" content=\"Selina Cifelli\" \/>\n<meta name=\"twitter:label1\" content=\"\u00c9crit par\" \/>\n\t<meta name=\"twitter:data1\" content=\"Selina Cifelli\" \/>\n\t<meta name=\"twitter:label2\" content=\"Dur\u00e9e de lecture estim\u00e9e\" \/>\n\t<meta name=\"twitter:data2\" content=\"1 minute\" \/>\n<!-- \/ Yoast SEO plugin. -->","yoast_head_json":{"title":"D\u00e9m\u00e9nager \u00e0 Montr\u00e9al: O\u00f9 devrais-je vivre? \u2013 2026","description":"D\u00e9couvrez les 7 Quartiers: D\u00e9m\u00e9nager \u00e0 Montr\u00e9al \u2014 O\u00f9 devrais-je vivre? Montr\u00e9al avec la meilleure qualit\u00e9 de vie cette ann\u00e9e.","robots":{"index":"index","follow":"follow","max-snippet":"max-snippet:-1","max-image-preview":"max-image-preview:large","max-video-preview":"max-video-preview:-1"},"canonical":"https:\/\/www.prod23.movingwaldo.com\/fr\/ou-demenager\/demenager-a-montreal-ou-devrais-je-vivre\/","og_locale":"fr_FR","og_type":"article","og_title":"D\u00e9m\u00e9nager \u00e0 Montr\u00e9al: O\u00f9 devrais-je vivre? \u2013 2026","og_description":"D\u00e9couvrez les 7 Quartiers: D\u00e9m\u00e9nager \u00e0 Montr\u00e9al \u2014 O\u00f9 devrais-je vivre? Montr\u00e9al avec la meilleure qualit\u00e9 de vie cette ann\u00e9e.","og_url":"https:\/\/www.prod23.movingwaldo.com\/fr\/ou-demenager\/demenager-a-montreal-ou-devrais-je-vivre\/","og_site_name":"MovingWaldo","article_publisher":"https:\/\/www.facebook.com\/movingwaldo","article_published_time":"2025-11-11T13:25:20+00:00","article_modified_time":"2025-12-31T21:19:21+00:00","og_image":[{"width":1024,"height":683,"url":"https:\/\/www.prod23.movingwaldo.com\/wp-content\/uploads\/2024\/01\/moving-to-montreal-image-jan-2024.png","type":"image\/png"}],"author":"Selina Cifelli","twitter_misc":{"\u00c9crit par":"Selina Cifelli","Dur\u00e9e de lecture estim\u00e9e":"1 minute"},"schema":{"@context":"https:\/\/schema.org","@graph":[{"@type":"Article","@id":"https:\/\/www.prod23.movingwaldo.com\/fr\/ou-demenager\/demenager-a-montreal-ou-devrais-je-vivre\/#article","isPartOf":{"@id":"https:\/\/www.prod23.movingwaldo.com\/fr\/ou-demenager\/demenager-a-montreal-ou-devrais-je-vivre\/"},"author":{"name":"Selina Cifelli","@id":"https:\/\/www.prod23.movingwaldo.com\/fr\/#\/schema\/person\/5783c659906e1f05dab91851f9cacd50"},"headline":"Quartiers: D\u00e9m\u00e9nager \u00e0 Montr\u00e9al \u2014 O\u00f9 devrais-je vivre? Montr\u00e9al","datePublished":"2025-11-11T13:25:20+00:00","dateModified":"2025-12-31T21:19:21+00:00","mainEntityOfPage":{"@id":"https:\/\/www.prod23.movingwaldo.com\/fr\/ou-demenager\/demenager-a-montreal-ou-devrais-je-vivre\/"},"wordCount":137,"commentCount":0,"publisher":{"@id":"https:\/\/www.prod23.movingwaldo.com\/fr\/#organization"},"image":{"@id":"https:\/\/www.prod23.movingwaldo.com\/fr\/ou-demenager\/demenager-a-montreal-ou-devrais-je-vivre\/#primaryimage"},"thumbnailUrl":"https:\/\/www.prod23.movingwaldo.com\/wp-content\/uploads\/2024\/01\/moving-to-montreal-image-jan-2024.png","keywords":["Classement","\u00c9tudes"],"articleSection":["O\u00f9 d\u00e9m\u00e9nager?"],"inLanguage":"fr-FR","potentialAction":[{"@type":"CommentAction","name":"Comment","target":["https:\/\/www.prod23.movingwaldo.com\/fr\/ou-demenager\/demenager-a-montreal-ou-devrais-je-vivre\/#respond"]}]},{"@type":"WebPage","@id":"https:\/\/www.prod23.movingwaldo.com\/fr\/ou-demenager\/demenager-a-montreal-ou-devrais-je-vivre\/","url":"https:\/\/www.prod23.movingwaldo.com\/fr\/ou-demenager\/demenager-a-montreal-ou-devrais-je-vivre\/","name":"D\u00e9m\u00e9nager \u00e0 Montr\u00e9al: O\u00f9 devrais-je vivre? \u2013 2026","isPartOf":{"@id":"https:\/\/www.prod23.movingwaldo.com\/fr\/#website"},"primaryImageOfPage":{"@id":"https:\/\/www.prod23.movingwaldo.com\/fr\/ou-demenager\/demenager-a-montreal-ou-devrais-je-vivre\/#primaryimage"},"image":{"@id":"https:\/\/www.prod23.movingwaldo.com\/fr\/ou-demenager\/demenager-a-montreal-ou-devrais-je-vivre\/#primaryimage"},"thumbnailUrl":"https:\/\/www.prod23.movingwaldo.com\/wp-content\/uploads\/2024\/01\/moving-to-montreal-image-jan-2024.png","datePublished":"2025-11-11T13:25:20+00:00","dateModified":"2025-12-31T21:19:21+00:00","description":"D\u00e9couvrez les 7 Quartiers: D\u00e9m\u00e9nager \u00e0 Montr\u00e9al \u2014 O\u00f9 devrais-je vivre? Montr\u00e9al avec la meilleure qualit\u00e9 de vie cette ann\u00e9e.","breadcrumb":{"@id":"https:\/\/www.prod23.movingwaldo.com\/fr\/ou-demenager\/demenager-a-montreal-ou-devrais-je-vivre\/#breadcrumb"},"inLanguage":"fr-FR","potentialAction":[{"@type":"ReadAction","target":["https:\/\/www.prod23.movingwaldo.com\/fr\/ou-demenager\/demenager-a-montreal-ou-devrais-je-vivre\/"]}]},{"@type":"ImageObject","inLanguage":"fr-FR","@id":"https:\/\/www.prod23.movingwaldo.com\/fr\/ou-demenager\/demenager-a-montreal-ou-devrais-je-vivre\/#primaryimage","url":"https:\/\/www.prod23.movingwaldo.com\/wp-content\/uploads\/2024\/01\/moving-to-montreal-image-jan-2024.png","contentUrl":"https:\/\/www.prod23.movingwaldo.com\/wp-content\/uploads\/2024\/01\/moving-to-montreal-image-jan-2024.png","width":1024,"height":683,"caption":"Quartiers: D\u00e9m\u00e9nager \u00e0 Montr\u00e9al \u2014 O\u00f9 devrais-je vivre? Montr\u00e9al"},{"@type":"BreadcrumbList","@id":"https:\/\/www.prod23.movingwaldo.com\/fr\/ou-demenager\/demenager-a-montreal-ou-devrais-je-vivre\/#breadcrumb","itemListElement":[{"@type":"ListItem","position":1,"name":"Accueil","item":"https:\/\/www.prod23.movingwaldo.com\/fr\/"},{"@type":"ListItem","position":2,"name":"O\u00f9 d\u00e9m\u00e9nager?","item":"https:\/\/www.prod23.movingwaldo.com\/fr\/ou-demenager\/"},{"@type":"ListItem","position":3,"name":"Quartiers: D\u00e9m\u00e9nager \u00e0 Montr\u00e9al \u2014 O\u00f9 devrais-je vivre? Montr\u00e9al"}]},{"@type":"WebSite","@id":"https:\/\/www.prod23.movingwaldo.com\/fr\/#website","url":"https:\/\/www.prod23.movingwaldo.com\/fr\/","name":"MovingWaldo","description":"","publisher":{"@id":"https:\/\/www.prod23.movingwaldo.com\/fr\/#organization"},"potentialAction":[{"@type":"SearchAction","target":{"@type":"EntryPoint","urlTemplate":"https:\/\/www.prod23.movingwaldo.com\/fr\/?s={search_term_string}"},"query-input":{"@type":"PropertyValueSpecification","valueRequired":true,"valueName":"search_term_string"}}],"inLanguage":"fr-FR"},{"@type":"Organization","@id":"https:\/\/www.prod23.movingwaldo.com\/fr\/#organization","name":"MovingWaldo","url":"https:\/\/www.prod23.movingwaldo.com\/fr\/","logo":{"@type":"ImageObject","inLanguage":"fr-FR","@id":"https:\/\/www.prod23.movingwaldo.com\/fr\/#\/schema\/logo\/image\/","url":"https:\/\/www.prod23.movingwaldo.com\/wp-content\/uploads\/2018\/02\/movingwaldo-logo_GV-2.svg","contentUrl":"https:\/\/www.prod23.movingwaldo.com\/wp-content\/uploads\/2018\/02\/movingwaldo-logo_GV-2.svg","width":190,"height":37,"caption":"MovingWaldo"},"image":{"@id":"https:\/\/www.prod23.movingwaldo.com\/fr\/#\/schema\/logo\/image\/"},"sameAs":["https:\/\/www.facebook.com\/movingwaldo","https:\/\/x.com\/MovingWaldo","https:\/\/www.youtube.com\/channel\/UCfO3fLsqLsUy8MUPCbc0Uzw"]},{"@type":"Person","@id":"https:\/\/www.prod23.movingwaldo.com\/fr\/#\/schema\/person\/5783c659906e1f05dab91851f9cacd50","name":"Selina Cifelli","image":{"@type":"ImageObject","inLanguage":"fr-FR","@id":"https:\/\/www.prod23.movingwaldo.com\/fr\/#\/schema\/person\/image\/","url":"https:\/\/www.prod23.movingwaldo.com\/wp-content\/uploads\/2024\/02\/Selina-150x150.jpg","contentUrl":"https:\/\/www.prod23.movingwaldo.com\/wp-content\/uploads\/2024\/02\/Selina-150x150.jpg","caption":"Selina Cifelli"},"description":"Selina is a motivated marketing intern with a passion for creating engaging content about moving experiences and urban living. With a strong interest in fashion and travel, she brings a fresh perspective to our readers. Her talent for writing innovative content effectively positions MovingWaldo as a trusted resource for simple and efficient moves."}]}},"_links":{"self":[{"href":"https:\/\/www.prod23.movingwaldo.com\/fr\/wp-json\/wp\/v2\/posts\/1308805","targetHints":{"allow":["GET"]}}],"collection":[{"href":"https:\/\/www.prod23.movingwaldo.com\/fr\/wp-json\/wp\/v2\/posts"}],"about":[{"href":"https:\/\/www.prod23.movingwaldo.com\/fr\/wp-json\/wp\/v2\/types\/post"}],"author":[{"embeddable":true,"href":"https:\/\/www.prod23.movingwaldo.com\/fr\/wp-json\/wp\/v2\/users\/39"}],"replies":[{"embeddable":true,"href":"https:\/\/www.prod23.movingwaldo.com\/fr\/wp-json\/wp\/v2\/comments?post=1308805"}],"version-history":[{"count":0,"href":"https:\/\/www.prod23.movingwaldo.com\/fr\/wp-json\/wp\/v2\/posts\/1308805\/revisions"}],"wp:featuredmedia":[{"embeddable":true,"href":"https:\/\/www.prod23.movingwaldo.com\/fr\/wp-json\/wp\/v2\/media\/1301965"}],"wp:attachment":[{"href":"https:\/\/www.prod23.movingwaldo.com\/fr\/wp-json\/wp\/v2\/media?parent=1308805"}],"wp:term":[{"taxonomy":"category","embeddable":true,"href":"https:\/\/www.prod23.movingwaldo.com\/fr\/wp-json\/wp\/v2\/categories?post=1308805"},{"taxonomy":"post_tag","embeddable":true,"href":"https:\/\/www.prod23.movingwaldo.com\/fr\/wp-json\/wp\/v2\/tags?post=1308805"},{"taxonomy":"related_content","embeddable":true,"href":"https:\/\/www.prod23.movingwaldo.com\/fr\/wp-json\/wp\/v2\/related_content?post=1308805"},{"taxonomy":"location","embeddable":true,"href":"https:\/\/www.prod23.movingwaldo.com\/fr\/wp-json\/wp\/v2\/location?post=1308805"},{"taxonomy":"template","embeddable":true,"href":"https:\/\/www.prod23.movingwaldo.com\/fr\/wp-json\/wp\/v2\/template?post=1308805"},{"taxonomy":"country","embeddable":true,"href":"https:\/\/www.prod23.movingwaldo.com\/fr\/wp-json\/wp\/v2\/country?post=1308805"},{"taxonomy":"region","embeddable":true,"href":"https:\/\/www.prod23.movingwaldo.com\/fr\/wp-json\/wp\/v2\/region?post=1308805"},{"taxonomy":"city","embeddable":true,"href":"https:\/\/www.prod23.movingwaldo.com\/fr\/wp-json\/wp\/v2\/city?post=1308805"}],"curies":[{"name":"wp","href":"https:\/\/api.w.org\/{rel}","templated":true}]}}